{"id":1292,"date":"2011-11-15T17:29:41","date_gmt":"2011-11-15T16:29:41","guid":{"rendered":"http:\/\/www.schachclub-eppingen.de\/blog\/2011\/11\/15\/nachlese-zur-europameisterschaft\/"},"modified":"2011-11-15T17:29:41","modified_gmt":"2011-11-15T16:29:41","slug":"nachlese-zur-europameisterschaft","status":"publish","type":"post","link":"https:\/\/www.schachclub-eppingen.de\/blog\/2011\/11\/15\/nachlese-zur-europameisterschaft\/","title":{"rendered":"Nachlese zur Europameisterschaft"},"content":{"rendered":"<p> <strong>F\u00c3\u00bcnf Spieler aus dem SCE \u00e2\u20ac\u201c Bundesligakader in Porto Carras dabei<\/strong><\/p>\n<p>\u00c3\u0153ber den unerwarteten Triumph des deutschen M\u00c3\u00a4nnerteams bei der Europameisterschaft in Griechenland haben wir bereits berichtet. Aus dem Eppinger Bundesligaaufgebot durfte sich niemand mit der Goldmedaille schm\u00c3\u00bccken. Aber Bronzemedaillen gab es daf\u00c3\u00bcr reichlich. F\u00c3\u00bcr Platz 3 der Ungarn erhielten diese: Ferenc Berkes (3,5 Punkte aus 7), Csaba Balogh (6,5 aus 9) und Zolt\u00c3\u00a1n Gyimesi (2,5 aus 4). Dr. Victor Bologan (6,5 aus 9) spielte am Spitzenbrett von Moldawien (Platz 18) gl\u00c3\u00a4nzend auf und Evgeny Postny (6,0 aus 8) war wohl nicht f\u00c3\u00bcr das eher bescheidene Abschneiden der hoch eingesch\u00c3\u00a4tzten Israelis (Platz 14) verantwortlich.<!--more--><br \/>\nZu erw\u00c3\u00a4hnen w\u00c3\u00a4re noch das Mitwirken des \u00c3\u00bcber 80-j\u00c3\u00a4hrigen fr\u00c3\u00bcheren Vizeweltmeisters Viktor Korchnoi an Brett zwei des Teams Schweiz. Viktor der Schreckliche, so sein \u00e2\u20ac\u017eKriegsname\u00e2\u20ac\u0153, ist den Eppingern bestens bekannt. Im evangelischen Gemeindehaus gab er 1979 aus Anlass des 25-j\u00c3\u00a4hrigen Vereinsjubil\u00c3\u00a4ums des SCE eine Simultanvorstellung \u00e2\u20ac\u201clang ist\u00e2\u20ac\u2122s her!  Das beste individuelle Ergebnis in Porto Carras erzielte im Frauenturnier IM\/WGM Anna Muzychuk am Spitzenbrett von Slowenien (Platz 10) mit 8,5 aus 9. Die junge Dame aus Lviv (Ukraine) stand in den letzten beiden Spielzeiten noch im SCE \u00e2\u20ac\u201cKader.<\/p>\n","protected":false},"excerpt":{"rendered":"<p>F\u00c3\u00bcnf Spieler aus dem SCE \u00e2\u20ac\u201c Bundesligakader in Porto Carras dabei \u00c3\u0153ber den unerwarteten Triumph des deutschen M\u00c3\u00a4nnerteams bei der Europameisterschaft in Griechenland haben wir bereits berichtet. Aus dem Eppinger Bundesligaaufgebot durfte sich niemand mit der Goldmedaille schm\u00c3\u00bccken. Aber Bronzemedaillen<\/p>\n","protected":false},"author":4,"featured_media":0,"comment_status":"open","ping_status":"open","sticky":false,"template":"","format":"standard","meta":{"footnotes":""},"categories":[3,4],"tags":[],"_links":{"self":[{"href":"https:\/\/www.schachclub-eppingen.de\/blog\/wp-json\/wp\/v2\/posts\/1292"}],"collection":[{"href":"https:\/\/www.schachclub-eppingen.de\/blog\/wp-json\/wp\/v2\/posts"}],"about":[{"href":"https:\/\/www.schachclub-eppingen.de\/blog\/wp-json\/wp\/v2\/types\/post"}],"author":[{"embeddable":true,"href":"https:\/\/www.schachclub-eppingen.de\/blog\/wp-json\/wp\/v2\/users\/4"}],"replies":[{"embeddable":true,"href":"https:\/\/www.schachclub-eppingen.de\/blog\/wp-json\/wp\/v2\/comments?post=1292"}],"version-history":[{"count":0,"href":"https:\/\/www.schachclub-eppingen.de\/blog\/wp-json\/wp\/v2\/posts\/1292\/revisions"}],"wp:attachment":[{"href":"https:\/\/www.schachclub-eppingen.de\/blog\/wp-json\/wp\/v2\/media?parent=1292"}],"wp:term":[{"taxonomy":"category","embeddable":true,"href":"https:\/\/www.schachclub-eppingen.de\/blog\/wp-json\/wp\/v2\/categories?post=1292"},{"taxonomy":"post_tag","embeddable":true,"href":"https:\/\/www.schachclub-eppingen.de\/blog\/wp-json\/wp\/v2\/tags?post=1292"}],"curies":[{"name":"wp","href":"https:\/\/api.w.org\/{rel}","templated":true}]}}