{"id":187,"date":"2008-01-07T20:33:53","date_gmt":"2008-01-07T19:33:53","guid":{"rendered":"http:\/\/www.schachclub-eppingen.de\/blog\/2008\/01\/07\/funfter-spieltag-der-verbandsrunde\/"},"modified":"2008-01-07T20:33:53","modified_gmt":"2008-01-07T19:33:53","slug":"funfter-spieltag-der-verbandsrunde","status":"publish","type":"post","link":"https:\/\/www.schachclub-eppingen.de\/blog\/2008\/01\/07\/funfter-spieltag-der-verbandsrunde\/","title":{"rendered":"F\u00c3\u00bcnfter Spieltag der Verbandsrunde"},"content":{"rendered":"<p><strong>Acht Eppinger Mannschaften am Sonntag im Einsatz \u00e2\u20ac\u201c Spitzenduell der Landesliga<\/strong><\/p>\n<p>Die kurze Winterpause ist zu Ende. Bereits am kommenden Sonntag, den 13.01.2008 geht es f\u00c3\u00bcr alle Eppinger Mannschaften auf Verbandsebene wieder um die Punkte.<br \/>\nIn der Landesliga haben sich der SC Eppingen III und der HSK\/Handschuhsheim II mit 12 Punkten gegen\u00c3\u00bcber dem Dritten Mosbacher SC (7 Punkte) schon deutlich abgesetzt. Und just diese beiden Mannschaften treffen am kommenden Sonntag ab 10:00 Uhr im Konferenzraum des Hotel-Restaurants \u00e2\u20ac\u017eVilla Waldeck\u00e2\u20ac\u0153 in Eppingen aufeinander. Eine Vorentscheidung ?<!--more--><br \/>\nAlle Spieler, die am 09.12.2007 in den oberen Klassen zum Einsatz kamen, sind am 13.01.2008 auf Verbandsebene gesperrt. Das trifft die Eppinger ( Schulte, Welz und Dekan ) etwas h\u00c3\u00a4rter als die Universit\u00c3\u00a4tsst\u00c3\u00a4dter (Nippgen und Dr. Neunh\u00c3\u00b6ffer), aber die Begegnung ist v\u00c3\u00b6llig offen. Die Tagesform sollte entscheiden!<br \/>\nGesellschaft im Hotel \u00e2\u20ac\u017eVilla Waldeck\u00e2\u20ac\u0153 leisten den beiden Spitzenteams die Eppinger \u00e2\u20ac\u017eVierte\u00e2\u20ac\u0153 und der SC Rohrbach\/Boxberg, die parallel um den Klassenerhalt in der Landesliga k\u00c3\u00a4mpfen. Hier sollten die Fachwerkst\u00c3\u00a4dter leicht favorisiert sein. Aber Vorsicht: in der letzten Saison holten die Heidelberger Vorst\u00c3\u00a4dter mit nur sieben Spielern in Eppingen die Punkte.<br \/>\nIn der Bezirksklasse f\u00c3\u00bchrt die \u00e2\u20ac\u017eF\u00c3\u00bcnfte\u00e2\u20ac\u0153 nach dem vierten Spieltag allein und trifft nun in Leimen auf die dortige 3. Mannschaft. Auch hier gibt es mit der Begegnung SC Leimen II gegen SFB Steinsfurt I ein Parallelspiel und zugleich das Duell zweier Rivalen der Eppinger im Kampf um den Titel der Bezirksklasse. Dieser Umstand wird die Gastgeber wohl n\u00c3\u00b6tigen, ihr st\u00c3\u00a4rkstes Aufgebot gegen die Sinsheimer Vorst\u00c3\u00a4dter zu werfen und auf taktische Personaldispositionen zu verzichten. Insoweit ist den Mannen um Reinhard Faber ein weiterer \u00e2\u20ac\u017eDreier\u00e2\u20ac\u0153 zuzutrauen.<br \/>\nIn der Kreisklasse A k\u00c3\u00a4mpfen gegenw\u00c3\u00a4rtig vier Teams um den Aufstieg in die Bezirksklasse. Zwei von ihnen begegnen sich im Handschuhsheimer Ratshaus im wichtigen Spiel HSK\/Handschuhsheim IV gegen SC Eppingen VI. Bei unteren Mannschaften von Gro\u00c3\u0178klubs sind Vorhersagen immer problematisch. Die Formationen k\u00c3\u00b6nnen sich von Spieltag zu Spieltag entscheidend ver\u00c3\u00a4ndern. Es d\u00c3\u00bcrfte angemessen sein, den Ausgang als offen zu bezeichnen.<br \/>\nBeide Vereine treffen am gleichen Ort auch mit ihren untersten und j\u00c3\u00bcngsten Viererteams (Kreisklasse D-2 ) aufeinander: HSK\/Handschuhsheim V gegen SC Eppingen X. Auch hier sollten Aufstellung und Tagesform entscheiden.<br \/>\nAlle Ausw\u00c3\u00a4rtsspiele des SCE beginnen um 9:00 Uhr. Die Abfahrt am Kleinbr\u00c3\u00bcckentorplatz in Eppingen ist wie folgt geregelt: SCE V um 8:15 Uhr, SCE VI und SCE X gemeinsam um 8:00 Uhr.<br \/>\nIm Vereinslokal Kaffeehaus Geier in Eppingen geht es an diesem Tag ab 9:00 Uhr dreimal um die Punkte.<br \/>\nIn der Kreisklasse B hat es die \u00e2\u20ac\u017eSiebte\u00e2\u20ac\u0153 mit dem SC Dielheim II zu tun, der dieses Jahr nicht so recht in die G\u00c3\u00a4nge kommt. Insoweit haben die nominell schw\u00c3\u00a4cheren Eppinger durchaus ihre Chancen.<br \/>\nIn der Kreisklasse C trifft das Sextett der \u00e2\u20ac\u017eAchten\u00e2\u20ac\u0153 um Binali Yildirim auf den SC Malsch III. Auch hier haben die Eppinger keine schlechten Karten, wenn sie einigerma\u00c3\u0178en passabel aufgestellt sind.<br \/>\nAuch in der Kreisklasse D-1 ist das Quartett der \u00e2\u20ac\u017eNeunten\u00e2\u20ac\u0153 gegen den SK M\u00c3\u00bchlhausen II in der besseren Ausgangsposition \u00e2\u20ac\u201c wenn die Aufstellung stimmt!.<\/p>\n","protected":false},"excerpt":{"rendered":"<p>Acht Eppinger Mannschaften am Sonntag im Einsatz \u00e2\u20ac\u201c Spitzenduell der Landesliga Die kurze Winterpause ist zu Ende. Bereits am kommenden Sonntag, den 13.01.2008 geht es f\u00c3\u00bcr alle Eppinger Mannschaften auf Verbandsebene wieder um die Punkte. In der Landesliga haben sich<\/p>\n","protected":false},"author":4,"featured_media":0,"comment_status":"open","ping_status":"open","sticky":false,"template":"","format":"standard","meta":{"footnotes":""},"categories":[1],"tags":[],"_links":{"self":[{"href":"https:\/\/www.schachclub-eppingen.de\/blog\/wp-json\/wp\/v2\/posts\/187"}],"collection":[{"href":"https:\/\/www.schachclub-eppingen.de\/blog\/wp-json\/wp\/v2\/posts"}],"about":[{"href":"https:\/\/www.schachclub-eppingen.de\/blog\/wp-json\/wp\/v2\/types\/post"}],"author":[{"embeddable":true,"href":"https:\/\/www.schachclub-eppingen.de\/blog\/wp-json\/wp\/v2\/users\/4"}],"replies":[{"embeddable":true,"href":"https:\/\/www.schachclub-eppingen.de\/blog\/wp-json\/wp\/v2\/comments?post=187"}],"version-history":[{"count":0,"href":"https:\/\/www.schachclub-eppingen.de\/blog\/wp-json\/wp\/v2\/posts\/187\/revisions"}],"wp:attachment":[{"href":"https:\/\/www.schachclub-eppingen.de\/blog\/wp-json\/wp\/v2\/media?parent=187"}],"wp:term":[{"taxonomy":"category","embeddable":true,"href":"https:\/\/www.schachclub-eppingen.de\/blog\/wp-json\/wp\/v2\/categories?post=187"},{"taxonomy":"post_tag","embeddable":true,"href":"https:\/\/www.schachclub-eppingen.de\/blog\/wp-json\/wp\/v2\/tags?post=187"}],"curies":[{"name":"wp","href":"https:\/\/api.w.org\/{rel}","templated":true}]}}