{"id":2403,"date":"2015-09-07T09:55:14","date_gmt":"2015-09-07T08:55:14","guid":{"rendered":"http:\/\/www.schachclub-eppingen.de\/blog\/2015\/09\/07\/schach-am-wochenende-2\/"},"modified":"2015-09-07T10:01:39","modified_gmt":"2015-09-07T09:01:39","slug":"schach-am-wochenende-2","status":"publish","type":"post","link":"https:\/\/www.schachclub-eppingen.de\/blog\/2015\/09\/07\/schach-am-wochenende-2\/","title":{"rendered":"Schach am Wochenende"},"content":{"rendered":"<p> <strong>Das Open in Buchen und der L\u00c3\u00a4nderkampf in Stra\u00c3\u0178burg stehen im Blickpunkt<\/strong><br \/>\nBevor die Mannschaftsk\u00c3\u00a4mpfe losgehen (20.09. und 27.09.), gibt es noch interessante Veranstaltungen. Zun\u00c3\u00a4chst einmal das Kurz-Open in Buchen (5 Runden vom 11.-13.09.). N\u00c3\u00a4here Informationen unter <a href=\"http:\/\/www.schachclub-buchen.de\">www.schachclub-buchen.de<\/a>. Da die Teilnehmerzahl beschr\u00c3\u00a4nkt ist, empfiehlt sich f\u00c3\u00bcr kurzentschlossene Interessenten eine vorherige Kontaktaufnahme:\u00c2\u00a0 <a href=\"mailto:ChristophKahl@gmx.net\">ChristophKahl@gmx.net<\/a>.<\/p>\n<p>Am 13.09. findet in Stra\u00c3\u0178burg der traditionelle L\u00c3\u00a4nderkampf zwischen den Auswahlteams des Elsass und Badens an 32 Brettern statt. Ob Spieler des SCE eingeladen wurden, ist nicht <!--[if gte mso 9]&gt;     Normal   0         21         false   false   false      DE   X-NONE   X-NONE                                                                                             --><!--[if gte mso 9]&gt;                                                                                                                                                                                                                                                                                                                                                                                                                                   --><!--[if gte mso 10]&gt;   \/* Style Definitions *\/  table.MsoNormalTable \t{mso-style-name:\"Normale Tabelle\"; \tmso-tstyle-rowband-size:0; \tmso-tstyle-colband-size:0; \tmso-style-noshow:yes; \tmso-style-priority:99; \tmso-style-parent:\"\"; \tmso-padding-alt:0cm 5.4pt 0cm 5.4pt; \tmso-para-margin:0cm; \tmso-para-margin-bottom:.0001pt; \tmso-pagination:widow-orphan; \tfont-size:10.0pt; \tfont-family:\"Times New Roman\",\"serif\";}  --><\/p>\n","protected":false},"excerpt":{"rendered":"<p>Das Open in Buchen und der L\u00c3\u00a4nderkampf in Stra\u00c3\u0178burg stehen im Blickpunkt Bevor die Mannschaftsk\u00c3\u00a4mpfe losgehen (20.09. und 27.09.), gibt es noch interessante Veranstaltungen. Zun\u00c3\u00a4chst einmal das Kurz-Open in Buchen (5 Runden vom 11.-13.09.). N\u00c3\u00a4here Informationen unter www.schachclub-buchen.de. Da die<\/p>\n","protected":false},"author":4,"featured_media":0,"comment_status":"open","ping_status":"open","sticky":false,"template":"","format":"standard","meta":{"footnotes":""},"categories":[3],"tags":[],"_links":{"self":[{"href":"https:\/\/www.schachclub-eppingen.de\/blog\/wp-json\/wp\/v2\/posts\/2403"}],"collection":[{"href":"https:\/\/www.schachclub-eppingen.de\/blog\/wp-json\/wp\/v2\/posts"}],"about":[{"href":"https:\/\/www.schachclub-eppingen.de\/blog\/wp-json\/wp\/v2\/types\/post"}],"author":[{"embeddable":true,"href":"https:\/\/www.schachclub-eppingen.de\/blog\/wp-json\/wp\/v2\/users\/4"}],"replies":[{"embeddable":true,"href":"https:\/\/www.schachclub-eppingen.de\/blog\/wp-json\/wp\/v2\/comments?post=2403"}],"version-history":[{"count":0,"href":"https:\/\/www.schachclub-eppingen.de\/blog\/wp-json\/wp\/v2\/posts\/2403\/revisions"}],"wp:attachment":[{"href":"https:\/\/www.schachclub-eppingen.de\/blog\/wp-json\/wp\/v2\/media?parent=2403"}],"wp:term":[{"taxonomy":"category","embeddable":true,"href":"https:\/\/www.schachclub-eppingen.de\/blog\/wp-json\/wp\/v2\/categories?post=2403"},{"taxonomy":"post_tag","embeddable":true,"href":"https:\/\/www.schachclub-eppingen.de\/blog\/wp-json\/wp\/v2\/tags?post=2403"}],"curies":[{"name":"wp","href":"https:\/\/api.w.org\/{rel}","templated":true}]}}