{"id":2407,"date":"2015-09-14T22:58:56","date_gmt":"2015-09-14T20:58:56","guid":{"rendered":"http:\/\/www.schachclub-eppingen.de\/blog\/2015\/09\/14\/landerkampf-elsass-%e2%80%93-baden\/"},"modified":"2015-09-14T23:12:07","modified_gmt":"2015-09-14T21:12:07","slug":"landerkampf-elsass-%e2%80%93-baden","status":"publish","type":"post","link":"https:\/\/www.schachclub-eppingen.de\/blog\/2015\/09\/14\/landerkampf-elsass-%e2%80%93-baden\/","title":{"rendered":"L\u00c3\u00a4nderkampf Elsass \u00e2\u20ac\u201c Baden"},"content":{"rendered":"<p> <strong>In Stra\u00c3\u0178burg sa\u00c3\u0178en drei SCE-Spieler am Brett<\/strong><br \/>\nJedes Jahr treffen sich \u00e2\u20ac\u201c grenz\u00c3\u00bcberschreitend \u00e2\u20ac\u201c die Auswahlmannschaften des Elsass\u00e2\u20ac\u02dc und Badens zu einem Wettkampf an 32 Brettern mit festgelegten Anteilen an Frauen, Senioren (60+) und Jugendlichen der verschiedenen Altersklassen. Dieses Jahr waren die Franzosen Ausrichter in Stra\u00c3\u0178burg. Auch der SC Eppingen stellte drei Spieler f\u00c3\u00bcr die badische Auswahl ab, die s\u00c3\u00a4mtlich remisierten: FM Christopher Noe an Brett 2 gegen GM Jean-Noel Riff, Toni Sandmeier an Brett 14 gegen WFM Mathilde Choisy und CM Tobias Wenner an Brett 15 gegen das Jungtalent Antoine Flick. Das Elsass gewann den Wettkampf mit 17,5:14,5!<\/p>\n<p><!--[if gte mso 9]&gt;     Normal   0         21         false   false   false      DE   X-NONE   X-NONE                                                                                             --><!--[if gte mso 9]&gt;                                                                                                                                                                                                                                                                                                                                                                                                                                --><!--[if gte mso 10]&gt;   \/* Style Definitions *\/  table.MsoNormalTable \t{mso-style-name:\"Normale Tabelle\"; \tmso-tstyle-rowband-size:0; \tmso-tstyle-colband-size:0; \tmso-style-noshow:yes; \tmso-style-priority:99; \tmso-style-parent:\"\"; \tmso-padding-alt:0cm 5.4pt 0cm 5.4pt; \tmso-para-margin:0cm; \tmso-para-margin-bottom:.0001pt; \tmso-pagination:widow-orphan; \tfont-size:10.0pt; \tfont-family:\"Times New Roman\",\"serif\";}  --><\/p>\n","protected":false},"excerpt":{"rendered":"<p>In Stra\u00c3\u0178burg sa\u00c3\u0178en drei SCE-Spieler am Brett Jedes Jahr treffen sich \u00e2\u20ac\u201c grenz\u00c3\u00bcberschreitend \u00e2\u20ac\u201c die Auswahlmannschaften des Elsass\u00e2\u20ac\u02dc und Badens zu einem Wettkampf an 32 Brettern mit festgelegten Anteilen an Frauen, Senioren (60+) und Jugendlichen der verschiedenen Altersklassen. Dieses Jahr<\/p>\n","protected":false},"author":4,"featured_media":0,"comment_status":"open","ping_status":"open","sticky":false,"template":"","format":"standard","meta":{"footnotes":""},"categories":[3],"tags":[],"_links":{"self":[{"href":"https:\/\/www.schachclub-eppingen.de\/blog\/wp-json\/wp\/v2\/posts\/2407"}],"collection":[{"href":"https:\/\/www.schachclub-eppingen.de\/blog\/wp-json\/wp\/v2\/posts"}],"about":[{"href":"https:\/\/www.schachclub-eppingen.de\/blog\/wp-json\/wp\/v2\/types\/post"}],"author":[{"embeddable":true,"href":"https:\/\/www.schachclub-eppingen.de\/blog\/wp-json\/wp\/v2\/users\/4"}],"replies":[{"embeddable":true,"href":"https:\/\/www.schachclub-eppingen.de\/blog\/wp-json\/wp\/v2\/comments?post=2407"}],"version-history":[{"count":0,"href":"https:\/\/www.schachclub-eppingen.de\/blog\/wp-json\/wp\/v2\/posts\/2407\/revisions"}],"wp:attachment":[{"href":"https:\/\/www.schachclub-eppingen.de\/blog\/wp-json\/wp\/v2\/media?parent=2407"}],"wp:term":[{"taxonomy":"category","embeddable":true,"href":"https:\/\/www.schachclub-eppingen.de\/blog\/wp-json\/wp\/v2\/categories?post=2407"},{"taxonomy":"post_tag","embeddable":true,"href":"https:\/\/www.schachclub-eppingen.de\/blog\/wp-json\/wp\/v2\/tags?post=2407"}],"curies":[{"name":"wp","href":"https:\/\/api.w.org\/{rel}","templated":true}]}}