{"id":2740,"date":"2016-10-24T10:36:07","date_gmt":"2016-10-24T08:36:07","guid":{"rendered":"http:\/\/www.schachclub-eppingen.de\/blog\/2016\/10\/24\/2-verbandsrunde-am-sonntag\/"},"modified":"2016-10-24T10:51:54","modified_gmt":"2016-10-24T08:51:54","slug":"2-verbandsrunde-am-sonntag","status":"publish","type":"post","link":"https:\/\/www.schachclub-eppingen.de\/blog\/2016\/10\/24\/2-verbandsrunde-am-sonntag\/","title":{"rendered":"2. Verbandsrunde am Sonntag"},"content":{"rendered":"<p> <strong>Gro\u00c3\u0178e Personalsorgen beim SCE \u00e2\u20ac\u201c trotzdem gute Ergebnisse<\/strong><br \/>\nZahlreiche Ausf\u00c3\u00a4lle in der 2.Verbandsrunde verdarben den Verantwortlichen des SC Eppingen schon bei der Planung des Spielsonntags 23.10. die gute Laune. Leistungstr\u00c3\u00a4ger wie FM Thomas Raupp, Annmarie M\u00c3\u00bctsch, Michael Franke, WFM Alisa Frey und Josef Seiler standen aus verschiedenen Gr\u00c3\u00bcnden nicht zur Verf\u00c3\u00bcgung und mussten ersetzt werden. In den Teams 2 bis 6 sa\u00c3\u0178en an drei der 36 Bretter keine SCE-Spieler. Trotzdem lief der 2. Spieltag besser als erwartet.<!--more--><\/p>\n<p>In der <strong>Verbandsliga Nord<\/strong> musste sich die \u00e2\u20ac\u017eZweite\u00e2\u20ac\u0153 mit Aufsteiger Karlsruher SF 1853 II messen, der stark aufgestellt und 4,40:3,60 Wertungsfavorit war. Trotzdem f\u00c3\u00bchrte das Team um Markus Beer nach Siegen von Richard Dudek, Jonas Reimold, Cedric Hahn und Dr. Georgios Sengos bei Niederlagen von Nicolai Bay und Thomas Welz lange mit 4:2, aber nach den Niederlagen von Markus Beer und Tobias Hermann schafften die G\u00c3\u00a4ste noch ein 4:4. Acht entschiedene Partien \u00e2\u20ac\u201c das gibt es selten!<\/p>\n<p>In der <strong>Landesliga Nord 2<\/strong> war Slavija Karlsruhe ein starker Gegner f\u00c3\u00bcr die \u00e2\u20ac\u017eDritte\u00e2\u20ac\u0153, die ihre Favoritenrolle (Prognose 4,70:3,30) beim 6,0:2,0-Sieg rechtfertigte. Hans Dekan, Ulrich Gass, Markus G\u00c3\u00b6tz, Vladimir Shapiro und Wolfgang Geiger gewannen, Toni Sandmeier und Thomas Frenznick schafften ein Remis \u00e2\u20ac\u201c nur Rudolf Eyer verlor.<\/p>\n<p>Die gr\u00c3\u00b6\u00c3\u0178te \u00c3\u0153berraschung schaffte die personell ausgeblutete \u00e2\u20ac\u017eVierte\u00e2\u20ac\u0153 in der <strong>Bereichsliga Nord 2<\/strong> mit einem 4,5:3,5-Erfolg beim Aufsteiger SFB\u00c2\u00a0 Steinsfurt. Die Prognose sah die Sinsheimer Vorst\u00c3\u00a4dter mit 6,24:1,76 vorne. Aber das Team um Reinhard Faber wuchs \u00c3\u00bcber sich hinaus. Nach Siegen von Schota Guzaev und Reinhard Faber, Remisen von Peter Noe, Gunther Uez\u00c2\u00a0 und Timo Petri bei Verlusten von Herbert Pawletko und Andreas Neuner konnte Werner Fischer nach 6 Stunden seinen Mehrbauern zum Mannschaftssieg verwerten.<\/p>\n<p>F\u00c3\u00bcr die \u00e2\u20ac\u017eF\u00c3\u00bcnfte\u00e2\u20ac\u0153 in der <strong>Kreisklasse B<\/strong> verblieben gerade noch 6 Spieler, die sich auf die Reise zu den SF Rot II machten. Michael Ro\u00c3\u0178bach und Daniel Terzer gewannen, Max Pacius und Walter Bartsch remisierten, Bernd Michelmichel und Sebastian Holthus verloren; mit den beiden nicht besetzten Brettern summierte sich das zu einer 3:5-Niederlage.<\/p>\n<p>Auch bei der\u00c2\u00a0 \u00e2\u20ac\u017eSechsten\u00e2\u20ac\u0153 in der <strong>Kreisklasse D<\/strong> blieb eines der 4 Bretter frei, aber Benjamin Steigerwald, Tim Gr\u00c3\u00bcn und Dario Focken sorgten trotzdem f\u00c3\u00bcr den 3:1-Erfolg.<\/p>\n<p><!--[if gte mso 9]&gt;     Normal   0         21         false   false   false      DE   X-NONE   X-NONE                                                                                             --><!--[if gte mso 9]&gt;                                                                                                                                                                                                                                                                                                                                                                                                                                   --><!--[if gte mso 10]&gt;   \/* Style Definitions *\/  table.MsoNormalTable \t{mso-style-name:\"Normale Tabelle\"; \tmso-tstyle-rowband-size:0; \tmso-tstyle-colband-size:0; \tmso-style-noshow:yes; \tmso-style-priority:99; \tmso-style-parent:\"\"; \tmso-padding-alt:0cm 5.4pt 0cm 5.4pt; \tmso-para-margin:0cm; \tmso-para-margin-bottom:.0001pt; \tmso-pagination:widow-orphan; \tfont-size:10.0pt; \tfont-family:\"Times New Roman\",\"serif\";}  --><\/p>\n","protected":false},"excerpt":{"rendered":"<p>Gro\u00c3\u0178e Personalsorgen beim SCE \u00e2\u20ac\u201c trotzdem gute Ergebnisse Zahlreiche Ausf\u00c3\u00a4lle in der 2.Verbandsrunde verdarben den Verantwortlichen des SC Eppingen schon bei der Planung des Spielsonntags 23.10. die gute Laune. Leistungstr\u00c3\u00a4ger wie FM Thomas Raupp, Annmarie M\u00c3\u00bctsch, Michael Franke, WFM Alisa<\/p>\n","protected":false},"author":4,"featured_media":0,"comment_status":"open","ping_status":"open","sticky":false,"template":"","format":"standard","meta":{"footnotes":""},"categories":[3],"tags":[],"_links":{"self":[{"href":"https:\/\/www.schachclub-eppingen.de\/blog\/wp-json\/wp\/v2\/posts\/2740"}],"collection":[{"href":"https:\/\/www.schachclub-eppingen.de\/blog\/wp-json\/wp\/v2\/posts"}],"about":[{"href":"https:\/\/www.schachclub-eppingen.de\/blog\/wp-json\/wp\/v2\/types\/post"}],"author":[{"embeddable":true,"href":"https:\/\/www.schachclub-eppingen.de\/blog\/wp-json\/wp\/v2\/users\/4"}],"replies":[{"embeddable":true,"href":"https:\/\/www.schachclub-eppingen.de\/blog\/wp-json\/wp\/v2\/comments?post=2740"}],"version-history":[{"count":0,"href":"https:\/\/www.schachclub-eppingen.de\/blog\/wp-json\/wp\/v2\/posts\/2740\/revisions"}],"wp:attachment":[{"href":"https:\/\/www.schachclub-eppingen.de\/blog\/wp-json\/wp\/v2\/media?parent=2740"}],"wp:term":[{"taxonomy":"category","embeddable":true,"href":"https:\/\/www.schachclub-eppingen.de\/blog\/wp-json\/wp\/v2\/categories?post=2740"},{"taxonomy":"post_tag","embeddable":true,"href":"https:\/\/www.schachclub-eppingen.de\/blog\/wp-json\/wp\/v2\/tags?post=2740"}],"curies":[{"name":"wp","href":"https:\/\/api.w.org\/{rel}","templated":true}]}}