{"id":2875,"date":"2017-04-24T10:06:47","date_gmt":"2017-04-24T08:06:47","guid":{"rendered":"http:\/\/www.schachclub-eppingen.de\/blog\/2017\/04\/24\/2-bundesliga-sud-9\/"},"modified":"2018-02-25T12:01:18","modified_gmt":"2018-02-25T11:01:18","slug":"2-bundesliga-sud-9","status":"publish","type":"post","link":"https:\/\/www.schachclub-eppingen.de\/blog\/2017\/04\/24\/2-bundesliga-sud-9\/","title":{"rendered":"2. Bundesliga S\u00c3\u00bcd"},"content":{"rendered":"<p> <strong>Der geschw\u00c3\u00a4chte SCE war gegen den SC Viernheim beim 1:7 ohne Chance<\/strong><br \/>\nTeamchef Jonas Reimold war schon im Vorfeld des Viernheim-Spiels skeptisch, weil einige wichtige Spieler nicht zur Verf\u00c3\u00bcgung standen, so die Gro\u00c3\u0178meister und schlie\u00c3\u0178lich auch noch Jungstar FM Florian Mesaros. So r\u00c3\u00bcckte zun\u00c3\u00a4chst die 14-j\u00c3\u00a4hrige Annmarie M\u00c3\u00bctsch in das Aufgebot. Aber noch immer fehlte ein Spieler. Das offene Brett besetzte der Teamchef nach einigen Absagen schlie\u00c3\u0178lich selbst.<!--more--><\/p>\n<p>Die G\u00c3\u00a4ste konnten dagegen aus dem Vollen sch\u00c3\u00b6pfen: 8 internationale Titeltr\u00c3\u00a4ger (5 GM, 2 IM, 1 FM). Das war f\u00c3\u00bcr das Rumpfteam des SCE zu viel. Die Prognose sah die S\u00c3\u00bcdhessen mit 5,79:2,21 vorne. Es kam noch schlimmer. Bei Zeitkontrolle f\u00c3\u00bchrten die G\u00c3\u00a4ste mit 2,5:0,5 durch Niederlagen von IM Dennis Breder (1) und Annmarie M\u00c3\u00bctsch (7) bei einem Remis von IM Prof. Dr. Christian Mann (5). In der Fortsetzung verloren IM Christopher Noe (2) , IM Lev Yankelevich (3) und FM Danijel Gibicar (6) ihre Partien. \u00c3\u0153ber 6 Stunden wehrten sich FM\u00c2\u00a0 Jonas Hacker (4) und Jonas Reimold (8) tapfer gegen \u00c3\u00bcberlegene Gegner. Hacker, der lange gute Chancen hatte, verlor schlie\u00c3\u0178lich, w\u00c3\u00a4hrend Reimold ein Remis erzwang. Jonas Reimold bezeichnete den Sieg Viernheims als verdient, wenngleich etwas zu hoch ausgefallen. Nun wird der SCE am 07.05. beim SC Emmendingen versuchen, den jetzt an die S\u00c3\u00bcdbadener verlorenen Bronzeplatz zur\u00c3\u00bcck zu erobern. Eine gute Aufstellung w\u00c3\u00a4re auch deshalb wichtig, weil Ersatzstellung durch Spieler des Reserveteams diese Mannschaft f\u00c3\u00bcr das Schlussspiel in Karlsruhe am 14.05. schw\u00c3\u00a4chen w\u00c3\u00bcrde.<\/p>\n<p><!--[if gte mso 9]&gt;     Normal   0         21         false   false   false      DE   X-NONE   X-NONE                                                                                             --><!--[if gte mso 9]&gt;                                                                                                                                                                                                                                                                                                                                                                                                                                   --><!--[if gte mso 10]&gt;   \/* Style Definitions *\/  table.MsoNormalTable \t{mso-style-name:\"Normale Tabelle\"; \tmso-tstyle-rowband-size:0; \tmso-tstyle-colband-size:0; \tmso-style-noshow:yes; \tmso-style-priority:99; \tmso-style-parent:\"\"; \tmso-padding-alt:0cm 5.4pt 0cm 5.4pt; \tmso-para-margin:0cm; \tmso-para-margin-bottom:.0001pt; \tmso-pagination:widow-orphan; \tfont-size:10.0pt; \tfont-family:\"Times New Roman\",\"serif\";}  --><\/p>\n","protected":false},"excerpt":{"rendered":"<p>Der geschw\u00c3\u00a4chte SCE war gegen den SC Viernheim beim 1:7 ohne Chance Teamchef Jonas Reimold war schon im Vorfeld des Viernheim-Spiels skeptisch, weil einige wichtige Spieler nicht zur Verf\u00c3\u00bcgung standen, so die Gro\u00c3\u0178meister und schlie\u00c3\u0178lich auch noch Jungstar FM Florian<\/p>\n","protected":false},"author":4,"featured_media":0,"comment_status":"open","ping_status":"open","sticky":false,"template":"","format":"standard","meta":{"footnotes":""},"categories":[3,4],"tags":[20],"_links":{"self":[{"href":"https:\/\/www.schachclub-eppingen.de\/blog\/wp-json\/wp\/v2\/posts\/2875"}],"collection":[{"href":"https:\/\/www.schachclub-eppingen.de\/blog\/wp-json\/wp\/v2\/posts"}],"about":[{"href":"https:\/\/www.schachclub-eppingen.de\/blog\/wp-json\/wp\/v2\/types\/post"}],"author":[{"embeddable":true,"href":"https:\/\/www.schachclub-eppingen.de\/blog\/wp-json\/wp\/v2\/users\/4"}],"replies":[{"embeddable":true,"href":"https:\/\/www.schachclub-eppingen.de\/blog\/wp-json\/wp\/v2\/comments?post=2875"}],"version-history":[{"count":1,"href":"https:\/\/www.schachclub-eppingen.de\/blog\/wp-json\/wp\/v2\/posts\/2875\/revisions"}],"predecessor-version":[{"id":3607,"href":"https:\/\/www.schachclub-eppingen.de\/blog\/wp-json\/wp\/v2\/posts\/2875\/revisions\/3607"}],"wp:attachment":[{"href":"https:\/\/www.schachclub-eppingen.de\/blog\/wp-json\/wp\/v2\/media?parent=2875"}],"wp:term":[{"taxonomy":"category","embeddable":true,"href":"https:\/\/www.schachclub-eppingen.de\/blog\/wp-json\/wp\/v2\/categories?post=2875"},{"taxonomy":"post_tag","embeddable":true,"href":"https:\/\/www.schachclub-eppingen.de\/blog\/wp-json\/wp\/v2\/tags?post=2875"}],"curies":[{"name":"wp","href":"https:\/\/api.w.org\/{rel}","templated":true}]}}