{"id":4378,"date":"2019-05-27T08:27:07","date_gmt":"2019-05-27T06:27:07","guid":{"rendered":"http:\/\/www.schachclub-eppingen.de\/blog\/?p=4378"},"modified":"2019-05-27T08:27:07","modified_gmt":"2019-05-27T06:27:07","slug":"sce-generalversammlung","status":"publish","type":"post","link":"https:\/\/www.schachclub-eppingen.de\/blog\/2019\/05\/27\/sce-generalversammlung\/","title":{"rendered":"SCE-Generalversammlung"},"content":{"rendered":"<p>Die ordentliche Generalversammlung des SC Eppingen, die durchschnittlich besucht und beschlussf\u00c3\u00a4hig war, ging am vergangenen Freitag \u00c3\u00bcber die B\u00c3\u00bchne. Nach der Begr\u00c3\u00bc\u00c3\u0178ung durch den 1. Vorsitzenden Thomas Welz lie\u00c3\u0178 Spielleiter Jonas Reimold die Saison 2018-19 noch einmal Revue passieren. Die Saisonziele der 6 Aktiven-Teams wurden erreicht, auch wenn die Spielzeit durch Aufstellungsprobleme gepr\u00c3\u00a4gt war. Im badischen Pokalwettbewerb ist der SCE ausgeschieden, aber das Blitzteam wurde \u00c3\u00bcberlegen badischer Meister und qualifizierte sich f\u00c3\u00bcr die \u00e2\u20ac\u017eDeutsche\u00e2\u20ac\u0153. \u00c2\u00a0IM Christopher Noe gewann die badische Blitz-Einzelmeisterschaft.<\/p>\n<p>Kassierer Christopher Kaufmann legte den Kassenbericht vor, der eine geordnete Finanzlage offenbarte. Dieser wurde von den Kassenpr\u00c3\u00bcfern J\u00c3\u00b6rg Haueisen und Alexander Fink best\u00c3\u00a4tigt.<\/p>\n<p>J\u00c3\u00b6rg Haueisen beantragte danach die Entlastung der gesamten Vorstandschaft, die \u00c2\u00a0ohne \u00c2\u00a0Gegenstimme erfolgte.<\/p>\n<p>Dann berichtete Jugendleiter Markus Beer \u00c3\u00bcber die Jugendarbeit, die viele positive Aspekte aufzeigte. Das U20-Team verpasste knapp Platz 1 in der Badenliga und das neue U14-Team kam auf Platz 5 bei der \u00e2\u20ac\u017eBadischen\u00e2\u20ac\u0153. Danil Shapiro wurde Bezirksmeister U12 und gewann Silber bei der \u00e2\u20ac\u017eBadischen\u00e2\u20ac\u0153, Nina Shapiro belegte Platz 1 bei der Bezirksmeisterschaft U14 weiblich und einen Mittelplatz bei der \u00e2\u20ac\u017eBadischen\u00e2\u20ac\u0153 in dieser Klasse. Freies Jugendtraining findet Freitagnachmittags unter der Leitung von Benjamin Steigerwald statt, anschlie\u00c3\u0178end gibt es noch Trainingseinheiten von Nicolai Bay aus dem SCE-Verbandsligateam. B-Trainer Veaceslav Cofmann unterrichtet unregelm\u00c3\u00a4\u00c3\u0178ig, aber vorher angek\u00c3\u00bcndigt an Samstagen.<\/p>\n<p>Peter Noe f\u00c3\u00bchrt eine Schach-AG in der Grundschule im Rot. Das traditionelle Jugend-Open in der Stadthalle fand in der Stadthalle statt.<\/p>\n<p>Im Mittelpunkt der Generalversammlung standen die Wahlen. Der 1. Vorsitzende Thomas Welz kandidierte nach vier Jahren nicht mehr. Einziger Kandidat war der bisherige Spielleiter Jonas Reimold, der ohne Gegenstimme gew\u00c3\u00a4hlt wurde. Reimold bedankte sich bei seinem Vorg\u00c3\u00a4nger, der in einer schwierigen Phase das Vereinsschiff wieder auf ruhigen Kurs gebracht hatte. Die Position des 2. Vorsitzenden ist jetzt mit Timo Petri wieder besetzt. Die Kassengesch\u00c3\u00a4fte f\u00c3\u00bchrt weiterhin Christopher Kaufmann, die Pressearbeit liegt weiter in den H\u00c3\u00a4nden von Dietmar Gebhard, stellvertretender Schriftf\u00c3\u00bchrer ist weiter Andreas Neuner und Seniorenbeauftragter Achim Heinl. Alle Wahlen erfolgten ohne Gegenstimmen. Einige Positionen mit zweij\u00c3\u00a4hriger Laufzeit stehen erst im n\u00c3\u00a4chsten Jahr zur Wahl an. Die wichtigen Positionen des Spielleiters und seines Stellvertreters konnten nicht besetzt werden. Die Personaldispositionen werden bis auf weiteres von den Mannschaftsf\u00c3\u00bchrern einvernehmlich vorgenommen. Im Vorjahr hat das ganz gut geklappt.<\/p>\n<p>Antr\u00c3\u00a4ge gab es keine. Die Termine f\u00c3\u00bcr Spielerversammlung und Sommerfest werden noch bekannt gegeben.<\/p>\n","protected":false},"excerpt":{"rendered":"<p>Die ordentliche Generalversammlung des SC Eppingen, die durchschnittlich besucht und beschlussf\u00c3\u00a4hig war, ging am vergangenen Freitag \u00c3\u00bcber die B\u00c3\u00bchne. Nach der Begr\u00c3\u00bc\u00c3\u0178ung durch den 1. Vorsitzenden Thomas Welz lie\u00c3\u0178 Spielleiter Jonas Reimold die Saison 2018-19 noch einmal Revue passieren. Die<\/p>\n","protected":false},"author":4,"featured_media":0,"comment_status":"closed","ping_status":"closed","sticky":false,"template":"","format":"standard","meta":{"footnotes":""},"categories":[3],"tags":[],"_links":{"self":[{"href":"https:\/\/www.schachclub-eppingen.de\/blog\/wp-json\/wp\/v2\/posts\/4378"}],"collection":[{"href":"https:\/\/www.schachclub-eppingen.de\/blog\/wp-json\/wp\/v2\/posts"}],"about":[{"href":"https:\/\/www.schachclub-eppingen.de\/blog\/wp-json\/wp\/v2\/types\/post"}],"author":[{"embeddable":true,"href":"https:\/\/www.schachclub-eppingen.de\/blog\/wp-json\/wp\/v2\/users\/4"}],"replies":[{"embeddable":true,"href":"https:\/\/www.schachclub-eppingen.de\/blog\/wp-json\/wp\/v2\/comments?post=4378"}],"version-history":[{"count":1,"href":"https:\/\/www.schachclub-eppingen.de\/blog\/wp-json\/wp\/v2\/posts\/4378\/revisions"}],"predecessor-version":[{"id":4379,"href":"https:\/\/www.schachclub-eppingen.de\/blog\/wp-json\/wp\/v2\/posts\/4378\/revisions\/4379"}],"wp:attachment":[{"href":"https:\/\/www.schachclub-eppingen.de\/blog\/wp-json\/wp\/v2\/media?parent=4378"}],"wp:term":[{"taxonomy":"category","embeddable":true,"href":"https:\/\/www.schachclub-eppingen.de\/blog\/wp-json\/wp\/v2\/categories?post=4378"},{"taxonomy":"post_tag","embeddable":true,"href":"https:\/\/www.schachclub-eppingen.de\/blog\/wp-json\/wp\/v2\/tags?post=4378"}],"curies":[{"name":"wp","href":"https:\/\/api.w.org\/{rel}","templated":true}]}}