{"id":5393,"date":"2021-09-12T19:11:10","date_gmt":"2021-09-12T17:11:10","guid":{"rendered":"http:\/\/www.schachclub-eppingen.de\/blog\/?p=5393"},"modified":"2021-09-12T19:11:29","modified_gmt":"2021-09-12T17:11:29","slug":"general-und-spielerversammlung-des-sc-eppingen-am-24-09","status":"publish","type":"post","link":"https:\/\/www.schachclub-eppingen.de\/blog\/2021\/09\/12\/general-und-spielerversammlung-des-sc-eppingen-am-24-09\/","title":{"rendered":"General- und Spielerversammlung des SC Eppingen am 24.09."},"content":{"rendered":"<p>&nbsp;<\/p>\n<p>Wegen des engen Zeitfensters bis zum Saisonbeginn am 10.10. und der geforderten Abgabe der Vereins-Rangliste am 30.09. haben sich Vorstand und Spielausschu\u00c3\u0178 daf\u00c3\u00bcr entschieden, am Freitag, den 24.09.2021 eine gemeinschaftliche General- und Spielerversammlung im Hotel-Restaurant \u00e2\u20ac\u017eVilla Waldeck\u00e2\u20ac\u0153 einzuberufen, um dem Verein eine funktionsf\u00c3\u00a4hige F\u00c3\u00bchrung zu geben und auch den sportlichen Voraussetzungen f\u00c3\u00bcr den Start in die neue Saison 2021-22 zu gen\u00c3\u00bcgen. Die vorgeschriebene Jugend-Versammlung wird\u00c2\u00a0 bereits am 17.09.2021 ab 17:15 Uhr im Villa Waldeck\u00e2\u20ac\u0153, Vereinsraum im UG vorgeschaltet, in der Jugendleiter und Stellvertreter gew\u00c3\u00a4hlt werden. Der amtierende Jugendleiter Markus Beer hat dazu bereits fristgerecht eingeladen.<\/p>\n<p>Zur Generalversammlung wird auf 18:00 Uhr eingeladen. Ab 18:15 Uhr soll ein Essen auf Vereinskosten serviert werden. Danach erst startet die Generalversammlung, zu der inzwischen fristgerecht eingeladen wurde. Nach diversen Berichten steht die Wahl der Funktionstr\u00c3\u00a4ger an. Alle \u00c3\u201emter sind zu besetzen.\u00c2\u00a0 Die von der Jugend-Versammlung eine Woche zuvor gew\u00c3\u00a4hlte F\u00c3\u00bchrung ist zun\u00c3\u00a4chst zu best\u00c3\u00a4tigen. Nach Berichten und Wahlen startet dann die Spieler-Versammlung, in der die aktiven Spieler den vorgelegten Ranglisten-Entwurf \u00c2\u00a0diskutieren und ggfs. mit \u00c3\u201enderungen best\u00c3\u00a4tigen und ihre Mannschaftsf\u00c3\u00bchrer w\u00c3\u00a4hlen. Das Hygiene-Konzept, das mit den Einladungen versandt wurde, ist bei allen Veranstaltungen zu beachten. Es gilt die 3G-Regel, d.h. alle Teilnehmer m\u00c3\u00bcssen geimpft, genesen oder negativ auf Corona getestet sein.<\/p>\n","protected":false},"excerpt":{"rendered":"<p>&nbsp; Wegen des engen Zeitfensters bis zum Saisonbeginn am 10.10. und der geforderten Abgabe der Vereins-Rangliste am 30.09. haben sich Vorstand und Spielausschu\u00c3\u0178 daf\u00c3\u00bcr entschieden, am Freitag, den 24.09.2021 eine gemeinschaftliche General- und Spielerversammlung im Hotel-Restaurant \u00e2\u20ac\u017eVilla Waldeck\u00e2\u20ac\u0153 einzuberufen, um<\/p>\n","protected":false},"author":4,"featured_media":0,"comment_status":"closed","ping_status":"closed","sticky":false,"template":"","format":"standard","meta":{"footnotes":""},"categories":[3],"tags":[],"_links":{"self":[{"href":"https:\/\/www.schachclub-eppingen.de\/blog\/wp-json\/wp\/v2\/posts\/5393"}],"collection":[{"href":"https:\/\/www.schachclub-eppingen.de\/blog\/wp-json\/wp\/v2\/posts"}],"about":[{"href":"https:\/\/www.schachclub-eppingen.de\/blog\/wp-json\/wp\/v2\/types\/post"}],"author":[{"embeddable":true,"href":"https:\/\/www.schachclub-eppingen.de\/blog\/wp-json\/wp\/v2\/users\/4"}],"replies":[{"embeddable":true,"href":"https:\/\/www.schachclub-eppingen.de\/blog\/wp-json\/wp\/v2\/comments?post=5393"}],"version-history":[{"count":1,"href":"https:\/\/www.schachclub-eppingen.de\/blog\/wp-json\/wp\/v2\/posts\/5393\/revisions"}],"predecessor-version":[{"id":5394,"href":"https:\/\/www.schachclub-eppingen.de\/blog\/wp-json\/wp\/v2\/posts\/5393\/revisions\/5394"}],"wp:attachment":[{"href":"https:\/\/www.schachclub-eppingen.de\/blog\/wp-json\/wp\/v2\/media?parent=5393"}],"wp:term":[{"taxonomy":"category","embeddable":true,"href":"https:\/\/www.schachclub-eppingen.de\/blog\/wp-json\/wp\/v2\/categories?post=5393"},{"taxonomy":"post_tag","embeddable":true,"href":"https:\/\/www.schachclub-eppingen.de\/blog\/wp-json\/wp\/v2\/tags?post=5393"}],"curies":[{"name":"wp","href":"https:\/\/api.w.org\/{rel}","templated":true}]}}