{"id":685,"date":"2009-10-26T12:32:09","date_gmt":"2009-10-26T10:32:09","guid":{"rendered":"http:\/\/www.schachclub-eppingen.de\/blog\/2009\/10\/26\/2-verbandsrunde-2\/"},"modified":"2009-10-26T12:32:09","modified_gmt":"2009-10-26T10:32:09","slug":"2-verbandsrunde-2","status":"publish","type":"post","link":"https:\/\/www.schachclub-eppingen.de\/blog\/2009\/10\/26\/2-verbandsrunde-2\/","title":{"rendered":"2. Verbandsrunde"},"content":{"rendered":"<p> <strong>Gro\u00c3\u0178e Aufstellungsprobleme \u00e2\u20ac\u201c aber vier Siege f\u00c3\u00bcr den SCE<\/strong><\/p>\n<p>Nein, ein guter Spieltag war der 25.10.2009 nicht! Vor allem die beginnenden Herbstferien m\u00c3\u00b6gen dazu beigetragen haben, dass bei den vorwiegend f\u00c3\u00bcr die Jugendlichen reservierten Brettern der hinteren Mannschaften vier unbesetzt blieben.<br \/>\nIn der Landesliga gastierte der SC Neckargem\u00c3\u00bcnd bei der Eppinger \u00e2\u20ac\u017eDritten\u00e2\u20ac\u0153 ohne einige Leistungstr\u00c3\u00a4ger und musste den Mannen um Jonas Reimold den Sieg \u00c3\u00bcberlassen. Beim 5:3 (Prognose 4,79:3,21) punkteten Josef Seiler, Vladimir Shapiro, Markus G\u00c3\u00b6tz und Rudolf Eyer voll; Christopher Noe und Johannes Wei\u00c3\u0178 steuerten ein Remis bei, w\u00c3\u00a4hrend Rudolf Striebich und Jonas Reimold verloren.<!--more--><br \/>\nIn der Bereichsliga kam Aufsteiger BG Buchen III mit der Empfehlung eines Sieges \u00c3\u00bcber die SF Hoffenheim nach Eppingen, aber mit einer v\u00c3\u00b6llig anderen Mannschaft. Es war gewisserma\u00c3\u0178en das Spiel \u00e2\u20ac\u017eKanonen auf Spatzen\u00e2\u20ac\u0153. Einzig Dietmar Gebhard musste ins Remis einwilligen; Predrag Markovic, Hans-Dieter Zapke, Wolfgang Geiger, Wolfgang Becker, Hans Stadt, Tim Ohnezat und Dr. Georgios Sengos punkteten voll f\u00c3\u00bcr die \u00e2\u20ac\u017eVierte\u00e2\u20ac\u0153. Das 7,5:0,5 lag im Bereich der Prognose (7,54:0,46).<br \/>\nIn der Bezirksklasse fuhr die \u00e2\u20ac\u017eF\u00c3\u00bcnfte\u00e2\u20ac\u0153 ohne gro\u00c3\u0178e Hoffnungen zu den SF Baiertal \/Schatthausen, die im Vorjahr noch in der Landesliga spielten und den Gro\u00c3\u0178teil ihres Teams nach dem freiwilligen Abstieg zusammen gehalten hatten. Die Eppinger lieferten einen tapferen Kampf  und verloren nur ganz knapp mit 3,5:4,5 (Prognose 2,57:5,43). Walter Bartsch gewann; Peter Noe, Kostas Kakionis, Herbert Pawletko. Schota Guzaev und Markus Sch\u00c3\u00a4fer remisierten gegen durchweg wertungsst\u00c3\u00a4rkere Gegner. Nur Reinhard Faber (am Spitzenbrett) und Hovhannes Sahakyan verloren.<br \/>\nBegleitet nach Baiertal wurde die \u00e2\u20ac\u017eF\u00c3\u00bcnfte\u00e2\u20ac\u0153 von der \u00e2\u20ac\u017eSechsten\u00e2\u20ac\u0153, die in der Kreisklasse A gegen die SF Baiertal\/Schatthausen II antreten musste. Auch hier war mit einer knappen Niederlage (Prognose 3,58:4,42) gerechnet worden, aber das Team konnte durch die St\u00c3\u00a4rke der vorderen Bretter ein 4:4 mit nach Hause bringen. Helmut Pawlik und die immer besser werdenden Jugendlichen Benjamin Michelmichel und Cedric Hahn gewannen, Gunther Uez und Andreas Neuner remisierten, w\u00c3\u00a4hrend Michael Ro\u00c3\u0178bach, Eduard Niermann und Bernd Michelmichel verloren.<br \/>\nIn der Kreisklasse C mutiert das vorgesehene Sextett der SCE \u00e2\u20ac\u201c\u00e2\u20ac\u017eSiebten\u00e2\u20ac\u0153 immer mehr zum Quartett. Wieder fehlten zwei Spieler und wieder taten die Gegner den Eppingern den Gefallen, ebenfalls nur vier Spieler ans Brett zu bringen. Ob da nicht unn\u00c3\u00b6tig Punkte verschenkt wurden? Beim 0,5:3,5 gegen die SG Heidelberg-Kirchheim III remisierte Martin Wei\u00c3\u0178ert, w\u00c3\u00a4hrend Tobias Illg, Jonas Lachowitzer und Max Pacius verloren.<br \/>\nDie beiden SCE- Quartette in der Kreisklasse D spielten jeweils in Unterzahl und gewannen beide mit 2:1, weil auch die Gegner das n\u00c3\u00a4mliche Brett nicht besetzt hatten. Die \u00e2\u20ac\u017eAchte\u00e2\u20ac\u0153 siegte beim TSV Malschenberg II mit Siegen des reaktivierten J\u00c3\u00bcrgen Fischer und des Vorstandsmitglieds und Turnierneulings Timo Petri bei einer Niederlage von Felix Schardt, die \u00e2\u20ac\u017eNeunte\u00e2\u20ac\u0153 beim SC Neckargem\u00c3\u00bcnd IV mit Siegen von Albert Loran und Ricco He\u00c3\u0178 bei einer Niederlage von Oliver Wei\u00c3\u0178ert.<br \/>\nAuf Bereichs- und Bezirksebene ist jetzt zun\u00c3\u00a4chst mal Pause bis zum Sonntag, den 22.11.2009. Die oberen Klassen hingegen m\u00c3\u00bcssen bereits am 14.-15.11.2009 wieder ans Brett.<\/p>\n","protected":false},"excerpt":{"rendered":"<p>Gro\u00c3\u0178e Aufstellungsprobleme \u00e2\u20ac\u201c aber vier Siege f\u00c3\u00bcr den SCE Nein, ein guter Spieltag war der 25.10.2009 nicht! Vor allem die beginnenden Herbstferien m\u00c3\u00b6gen dazu beigetragen haben, dass bei den vorwiegend f\u00c3\u00bcr die Jugendlichen reservierten Brettern der hinteren Mannschaften vier unbesetzt<\/p>\n","protected":false},"author":4,"featured_media":0,"comment_status":"open","ping_status":"open","sticky":false,"template":"","format":"standard","meta":{"footnotes":""},"categories":[3,10],"tags":[],"_links":{"self":[{"href":"https:\/\/www.schachclub-eppingen.de\/blog\/wp-json\/wp\/v2\/posts\/685"}],"collection":[{"href":"https:\/\/www.schachclub-eppingen.de\/blog\/wp-json\/wp\/v2\/posts"}],"about":[{"href":"https:\/\/www.schachclub-eppingen.de\/blog\/wp-json\/wp\/v2\/types\/post"}],"author":[{"embeddable":true,"href":"https:\/\/www.schachclub-eppingen.de\/blog\/wp-json\/wp\/v2\/users\/4"}],"replies":[{"embeddable":true,"href":"https:\/\/www.schachclub-eppingen.de\/blog\/wp-json\/wp\/v2\/comments?post=685"}],"version-history":[{"count":0,"href":"https:\/\/www.schachclub-eppingen.de\/blog\/wp-json\/wp\/v2\/posts\/685\/revisions"}],"wp:attachment":[{"href":"https:\/\/www.schachclub-eppingen.de\/blog\/wp-json\/wp\/v2\/media?parent=685"}],"wp:term":[{"taxonomy":"category","embeddable":true,"href":"https:\/\/www.schachclub-eppingen.de\/blog\/wp-json\/wp\/v2\/categories?post=685"},{"taxonomy":"post_tag","embeddable":true,"href":"https:\/\/www.schachclub-eppingen.de\/blog\/wp-json\/wp\/v2\/tags?post=685"}],"curies":[{"name":"wp","href":"https:\/\/api.w.org\/{rel}","templated":true}]}}