{"id":687,"date":"2009-10-26T21:20:17","date_gmt":"2009-10-26T19:20:17","guid":{"rendered":"http:\/\/www.schachclub-eppingen.de\/blog\/2009\/10\/26\/randnotizen-vom-bundesliga-wochenende-am-1617-und-18102009\/"},"modified":"2009-10-26T21:20:39","modified_gmt":"2009-10-26T19:20:39","slug":"randnotizen-vom-bundesliga-wochenende-am-1617-und-18102009","status":"publish","type":"post","link":"https:\/\/www.schachclub-eppingen.de\/blog\/2009\/10\/26\/randnotizen-vom-bundesliga-wochenende-am-1617-und-18102009\/","title":{"rendered":"Randnotizen vom Bundesliga-Wochenende am 16.,17. und 18.10.2009"},"content":{"rendered":"<p> <strong>(beobachtet von dem Eppinger Vereinsvorsitzenden Rudolf Eyer)<\/strong><\/p>\n<p>\u00e2\u20ac\u00a2\tBisher dachte ich, ungarisch sei (neben englisch) die \u00e2\u20ac\u017eAmtssprache\u00e2\u20ac\u0153 in der 1. Mannschaft des SC Eppingen, gehen doch nicht weniger als sechs Magyaren f\u00c3\u00bcr den Verein an die Bretter. Am Freitag kamen mir aber doch ernste Zweifel, als ich bei einem richtigen Schmuddelwetter vor dem Match gegen Trier unsere Aktiven im Hotel abholte. Auf der kurzen Fahrt in die Hardwaldhalle unterhielten sich Elisabeth Paehtz, Namig Guliyev und Evgeny Postny in Russisch. Weil ich wei\u00c3\u0178, dass auch Falko Bindrich diese Sprache sehr gut beherrscht, habe ich mal hoch gerechnet: Au\u00c3\u0178er den Genannten d\u00c3\u00bcrften auch Sergej Tiviakov, Anna Muzychuk und vermutlich auch Lothar Vogt russisch k\u00c3\u00b6nnen.  Wenn man \u00c3\u00bcberdies noch wei\u00c3\u0178, dass Zoltan Gyimesi in der Schule drei Jahre lang ebenfalls diese Sprache lernte, dann gibt es wohl an meiner revidierten Einsch\u00c3\u00a4tzung keine Zweifel mehr\u00e2\u20ac\u00a6<!--more--><\/p>\n<p>\u00e2\u20ac\u00a2\tEin Pokerspiel der besonderen Art veranstalteten (unfreiwillig) Hans-Peter Rudolf, seines Zeichens Hausmeister der \u00e2\u20ac\u017eHardwaldhalle\u00e2\u20ac\u0153, und ich: Von dem Schmuddelwetter am Freitag war ja schon die Rede. Und laut Wetterprognose sollte das gesamte Wochenende tr\u00c3\u00bcb und regnerisch bleiben. Dann k\u00c3\u00b6nnten wir uns ja die zeitaufw\u00c3\u00a4ndige Verdunkelungsaktion im ersten Hallendrittel sparen, wo die \u00c3\u0153bertragungen aus dem Turniersaal ausgestrahlt werden \u00e2\u20ac\u201c oder besser doch nicht\u00e2\u20ac\u00a6?<br \/>\nWir entschieden uns, auf die Abdunkelung zu verzichten. Gott sei Dank (oder leider)  besserte sich die Witterung von Tag zu Tag, zwar langsam, aber stetig. In der Halle wurde es tags\u00c3\u00bcber immer heller, wodurch nat\u00c3\u00bcrlich die \u00c3\u0153bertragung beeintr\u00c3\u00a4chtigt wurde. So kamen wir am Sonntag nicht mehr  umhin: Bei strahlendem Sonnenschein drau\u00c3\u0178en mussten wir dann doch noch die Halle verdunkeln. Fazit: gepokert und verloren\u00e2\u20ac\u00a6<\/p>\n<p>\u00e2\u20ac\u00a2\tEs hie\u00c3\u0178 wieder mal: \u00e2\u20ac\u017eSchach total\u00e2\u20ac\u0153 in der \u00e2\u20ac\u017eHardwaldhalle\u00e2\u20ac\u0153. Au\u00c3\u0178er den sechs Bundesligabegegnungen fand am Samstag das Match der U 20, SCE  I \u00e2\u20ac\u201c SK Sandhausen statt, in dem die Hausherren knapp mit 3,5 : 2,5 die Oberhand behielten. Am Sonntag sorgte die Eppinger Reserve in der Oberliga Baden f\u00c3\u00bcr eine Riesensensation, indem sie das hoch favorisierte Team des Zweitliga-Absteigers HD-Kirchheim mit  5 : 3 bezwang. Die ELO-Prognose sprach ganz deutlich f\u00c3\u00bcr die Kurpf\u00c3\u00a4lzer, die mit zwei IM und 6 FM angetreten waren. Doch manchmal kommt es ja bekanntlich anders, als man denkt\u00e2\u20ac\u00a6<\/p>\n<p>\u00e2\u20ac\u00a2\tAm Samstag hatte Falko Bindrich Geburtstag. Trotzdem stellte er sich an diesem Wochenende in den Dienst der Mannschaft. Entgegen sonstiger Gepflogenheiten (keinen Alkohol!) orderte Teamchef Hans Dekan zur Feier des Tages eine Flasche Sekt, um mit dem Geburtstagskind und den Mannschaftskollegen nach dem Sieg gegen Trier ansto\u00c3\u0178en zu k\u00c3\u00b6nnen.<\/p>\n<p>\u00e2\u20ac\u00a2\tEinen gro\u00c3\u0178en Schreck am Samstagnachmittag erlebt der Eppinger Schriftf\u00c3\u00bchrer Reinhard Faber, der \u00e2\u20ac\u017enebenher\u00e2\u20ac\u0153 f\u00c3\u00bcr die Internet\u00c3\u00bcbertragungen zust\u00c3\u00a4ndig ist. Pl\u00c3\u00b6tzlich ging nichts mehr, alle Leitungen brachen zusammen. Was war passiert? Ein Zuschauer stolperte am Rand der Halle (dort hat er eigentlich gar nichts verloren!) \u00c3\u00bcber eine Kabeltrommel und unterbrach schlagartig die Stromzufuhr. Obwohl die Leitungen von den Eppinger Experten relativ schnell wieder instand gesetzt  werden konnten, mussten die inzwischen gemachten Z\u00c3\u00bcge durch flei\u00c3\u0178ige Helfer im Turniersaal erhoben, \u00c3\u00bcber das \u00e2\u20ac\u017eTurnschuhnetz\u00e2\u20ac\u0153 in die Halle transportiert und dort in die Laptops eingegeben werden. Ein m\u00c3\u00bchsames und aufw\u00c3\u00a4ndiges Unterfangen! Das muss sich auch der Verursacher gedacht haben, denn als er steckte mir noch 20 Euro als Spende f\u00c3\u00bcr unsere Jugendkasse zu, als er nach Hause ging..<\/p>\n<p>\u00e2\u20ac\u00a2\tVor der Saison 2009 \/ 2010 war bei den Heimspielen des SC Eppingen das weibliche Element eher unterrepr\u00c3\u00a4sentiert, wenn man von unseren unerm\u00c3\u00bcdlichen Damen in der K\u00c3\u00bcche (Ilse Bartsch, Gaby Dekan und nat\u00c3\u00bcrlich \u00e2\u20ac\u017eMutti\u00e2\u20ac\u0153 Gisela Funk \u00e2\u20ac\u201c um nur einige zu nennen)  einmal absieht. Am 1. April diesen Jahres hatten die Kraichgauer auf ihrer Homepage die Verpflichtung von den Polgar Sisters vermeldet. Dieser Aprilscherz wurde inzwischen von der Realit\u00c3\u00a4t \u00c3\u00bcberholt: Mittlerweile gehen Anna Muzychuk und die deutsche Nummer 1, Elisabeth Paehtz, f\u00c3\u00bcr die Eppinger an die Bretter.<\/p>\n<p>\u00e2\u20ac\u00a2\tMit 2,5 Punkten aus drei Partien feierte Elisabeth Paehtz  einen Einstand nach Ma\u00c3\u0178 in ihrem neuen Team. Zwar hatte die Wahlberlinerin in einem Presseinterview einger\u00c3\u00a4umt, bei ihrer Premiere etwas nerv\u00c3\u00b6s gewesen zu sein. Doch davon war am Brett nichts zu sp\u00c3\u00bcren, wie ihre Gegner erfahren mussten.<\/p>\n<p>\u00e2\u20ac\u00a2\tKonzentrierten sich die Fotografen am Freitag noch ausschlie\u00c3\u0178lich auf \u00e2\u20ac\u017eElli\u00e2\u20ac\u0153, so verteilte sich das Interesse etwas am Samstag und Sonntag: Mit Sarah Holt boten die SF Katernberg am 7. Brett in beiden K\u00c3\u00a4mpfen eine zweite Nachwuchshoffnung des deutschen Frauenschachs auf. Sie zog sich ganz gut aus der Aff\u00c3\u00a4re, darin waren sich die zahlreichen Kiebitze trotz der Niederlage gegen Namig Guliyev einig. Gleich zwei Frauen an Erstligabrettern, das gab\u00e2\u20ac\u2122s vorher noch nie in der \u00e2\u20ac\u017eFachwerkstadt mit Pfiff im Herzen des Kraichgaus\u00e2\u20ac\u0153.<\/p>\n<p>Rudolf   Eyer<\/p>\n","protected":false},"excerpt":{"rendered":"<p>(beobachtet von dem Eppinger Vereinsvorsitzenden Rudolf Eyer) \u00e2\u20ac\u00a2 Bisher dachte ich, ungarisch sei (neben englisch) die \u00e2\u20ac\u017eAmtssprache\u00e2\u20ac\u0153 in der 1. Mannschaft des SC Eppingen, gehen doch nicht weniger als sechs Magyaren f\u00c3\u00bcr den Verein an die Bretter. Am Freitag kamen<\/p>\n","protected":false},"author":3,"featured_media":0,"comment_status":"open","ping_status":"open","sticky":false,"template":"","format":"standard","meta":{"footnotes":""},"categories":[3,4],"tags":[],"_links":{"self":[{"href":"https:\/\/www.schachclub-eppingen.de\/blog\/wp-json\/wp\/v2\/posts\/687"}],"collection":[{"href":"https:\/\/www.schachclub-eppingen.de\/blog\/wp-json\/wp\/v2\/posts"}],"about":[{"href":"https:\/\/www.schachclub-eppingen.de\/blog\/wp-json\/wp\/v2\/types\/post"}],"author":[{"embeddable":true,"href":"https:\/\/www.schachclub-eppingen.de\/blog\/wp-json\/wp\/v2\/users\/3"}],"replies":[{"embeddable":true,"href":"https:\/\/www.schachclub-eppingen.de\/blog\/wp-json\/wp\/v2\/comments?post=687"}],"version-history":[{"count":0,"href":"https:\/\/www.schachclub-eppingen.de\/blog\/wp-json\/wp\/v2\/posts\/687\/revisions"}],"wp:attachment":[{"href":"https:\/\/www.schachclub-eppingen.de\/blog\/wp-json\/wp\/v2\/media?parent=687"}],"wp:term":[{"taxonomy":"category","embeddable":true,"href":"https:\/\/www.schachclub-eppingen.de\/blog\/wp-json\/wp\/v2\/categories?post=687"},{"taxonomy":"post_tag","embeddable":true,"href":"https:\/\/www.schachclub-eppingen.de\/blog\/wp-json\/wp\/v2\/tags?post=687"}],"curies":[{"name":"wp","href":"https:\/\/api.w.org\/{rel}","templated":true}]}}