{"id":711,"date":"2009-11-23T23:28:09","date_gmt":"2009-11-23T21:28:09","guid":{"rendered":"http:\/\/www.schachclub-eppingen.de\/blog\/2009\/11\/23\/ein-schwarzer-tag-fur-den-sc-eppingen-2\/"},"modified":"2009-11-23T23:28:09","modified_gmt":"2009-11-23T21:28:09","slug":"ein-schwarzer-tag-fur-den-sc-eppingen-2","status":"publish","type":"post","link":"https:\/\/www.schachclub-eppingen.de\/blog\/2009\/11\/23\/ein-schwarzer-tag-fur-den-sc-eppingen-2\/","title":{"rendered":"Ein schwarzer Tag f\u00c3\u00bcr den SC Eppingen"},"content":{"rendered":"<p> <strong>In der dritten Verbandsrunde gab es vier Niederlagen \u00e2\u20ac\u201c nur die \u00e2\u20ac\u017eDritte\u00e2\u20ac\u0153 siegte<\/strong><\/p>\n<p>Schlecht aufgestellt waren die Mannschaften des SC Eppingen auf Verbandsebene am Sonntag nicht. Unbesetzt blieb auch nur eines von 42 Brettern. Zwar gab es am Samstagabend noch einige Umstellungen wegen des krankheitsbedingten Ausfalls von Jungtalent Christopher Noe, aber diese Probleme wurden gel\u00c3\u00b6st. Trotzdem gab es am Abend des Totensonntags lange Gesichter.<!--more--><br \/>\nNicht bei der \u00e2\u20ac\u017eDritten\u00e2\u20ac\u0153 in der Landesliga. Die l\u00c3\u00b6ste ihre Aufgabe beim Aufsteiger SC Dielheim mit Bravour, gewann mit 7:1 und katapultierte sich  durch das bessere Brettpunktverh\u00c3\u00a4ltnis sogar an die Tabellenspitze. Nur Vladimir Shapiro verlor; Rudolf Striebich, Josef Seiler, Paul Funk, Markus G\u00c3\u00b6tz, Jonas Reimold und Johannes Wei\u00c3\u0178 sorgten f\u00c3\u00bcr die Eppinger Punkte. Eine gro\u00c3\u0178e \u00c3\u0153berraschung war das nicht; die Prognose (5,61:2,39) hatte einen sicheren Eppinger Sieg vorhergesagt.<br \/>\nEine b\u00c3\u00b6se \u00c3\u0153berraschung gab es dagegen in der Bereichsliga. Durch den Wechsel von Johannes Wei\u00c3\u0178 in das Landesligateam war die \u00e2\u20ac\u017eVierte\u00e2\u20ac\u0153 zwar geschw\u00c3\u00a4cht, aber immer noch 4,31:3,69-Favorit beim bisher punktlosen, dieses Mal aber stark aufgestellten Mosbacher SC II. Einige Zeit sah es auch nach einem Eppinger Erfolg aus, aber an den hinteren Brettern wurden die Gewinnchancen vergeben. Karl Eyer und Hans Stadt gewannen, Dietmar Gebhard und Wolfgang Becker spielten remis, w\u00c3\u00a4hrend Hans-Dieter Zapke, Reinhard Faber, Tim Ohnezat und Kostas Kakionis ihre Partien beim 3:5 abgeben mussten.<br \/>\nIn der Bezirksklasse hatte man eigentlich auf einen Befreiungsschlag der \u00e2\u20ac\u017eF\u00c3\u00bcnften\u00e2\u20ac\u0153 gegen die SF Heiligkreuzsteinach gehofft. Aber die G\u00c3\u00a4ste nahmen die Punkte mit einem unerwartet glatten 6,5:1,5 in den Odenwald mit. Nur Wolfgang Geiger, Peter Noe und Werner Fischer konnten ein Remis erzielen; Predrag Markovic, Walter Bartsch, Herbert Pawletko, Schota Guzaev und Markus Sch\u00c3\u00a4fer mussten sich geschlagen bekennen. Langsam m\u00c3\u00bcssen die Fachwerkst\u00c3\u00a4dter die zum Klassenerhalt n\u00c3\u00b6tigen Punkte einspielen.<br \/>\nDie \u00e2\u20ac\u017eSechste\u00e2\u20ac\u0153 in der Kreisklasse A hatte nach zwei Auftaktremisen gehofft, gegen den TSV Malschenberg den ersten \u00e2\u20ac\u017eDreier\u00e2\u20ac\u0153 einfahren zu k\u00c3\u00b6nnen. Stattdessen gab es eine deftige 2:6-Niederlage nach einem Gewinn von Bernd Michelmichel, Remisen von Gunther Uez und Andreas Neuner sowie Niederlagen von Dr. Georgios Sengos, Benjamin Michelmichel, Cedric Hahn, J\u00c3\u00b6rg Haueisen und Michael Ro\u00c3\u0178bach.<br \/>\nBei der \u00e2\u20ac\u017eSiebten\u00e2\u20ac\u0153 in der Kreisklasse C hatte es beim SC Dielheim III wiederum nicht zu einer kompletten Sechser-Mannschaft gereicht. Ein Brett blieb unbesetzt und das Match ging mit 0:6 verloren. Gegen gut aufgestellte Gastgeber waren Tobias Illg, Martin Wei\u00c3\u0178ert, Jonas Lachowitzer, Philipp Essig und Nicolai Bay ohne Chance.<br \/>\nIn der Kreisklasse D spielte von den zwei Eppinger Quartetten nur die \u00e2\u20ac\u017eNeunte\u00e2\u20ac\u0153, die gegen den TV Bammental II ein 2:2 erzielte und weiter auf einem Relegationsplatz liegt. Ricco He\u00c3\u0178 gewann und Katharina Bay steuerte einen kampflosen Punkt bei. Jan Sch\u00c3\u00bcckler und Oliver Wei\u00c3\u0178ert verloren. Die \u00e2\u20ac\u017eAchte\u00e2\u20ac\u0153 pausierte, weil die SG Heidelberg -Kirchheim ihre 4. Mannschaft zur\u00c3\u00bcckgezogen hat.<br \/>\nAm vierten Spieltag am 13.12.2009 sind wieder alle sieben Eppinger Mannschaften auf Verbandsebene am Start. Dann hofft man auf Wiedergutmachung!<\/p>\n","protected":false},"excerpt":{"rendered":"<p>In der dritten Verbandsrunde gab es vier Niederlagen \u00e2\u20ac\u201c nur die \u00e2\u20ac\u017eDritte\u00e2\u20ac\u0153 siegte Schlecht aufgestellt waren die Mannschaften des SC Eppingen auf Verbandsebene am Sonntag nicht. Unbesetzt blieb auch nur eines von 42 Brettern. Zwar gab es am Samstagabend noch<\/p>\n","protected":false},"author":4,"featured_media":0,"comment_status":"open","ping_status":"open","sticky":false,"template":"","format":"standard","meta":{"footnotes":""},"categories":[3,10],"tags":[],"_links":{"self":[{"href":"https:\/\/www.schachclub-eppingen.de\/blog\/wp-json\/wp\/v2\/posts\/711"}],"collection":[{"href":"https:\/\/www.schachclub-eppingen.de\/blog\/wp-json\/wp\/v2\/posts"}],"about":[{"href":"https:\/\/www.schachclub-eppingen.de\/blog\/wp-json\/wp\/v2\/types\/post"}],"author":[{"embeddable":true,"href":"https:\/\/www.schachclub-eppingen.de\/blog\/wp-json\/wp\/v2\/users\/4"}],"replies":[{"embeddable":true,"href":"https:\/\/www.schachclub-eppingen.de\/blog\/wp-json\/wp\/v2\/comments?post=711"}],"version-history":[{"count":0,"href":"https:\/\/www.schachclub-eppingen.de\/blog\/wp-json\/wp\/v2\/posts\/711\/revisions"}],"wp:attachment":[{"href":"https:\/\/www.schachclub-eppingen.de\/blog\/wp-json\/wp\/v2\/media?parent=711"}],"wp:term":[{"taxonomy":"category","embeddable":true,"href":"https:\/\/www.schachclub-eppingen.de\/blog\/wp-json\/wp\/v2\/categories?post=711"},{"taxonomy":"post_tag","embeddable":true,"href":"https:\/\/www.schachclub-eppingen.de\/blog\/wp-json\/wp\/v2\/tags?post=711"}],"curies":[{"name":"wp","href":"https:\/\/api.w.org\/{rel}","templated":true}]}}