{"id":720,"date":"2009-12-09T18:09:30","date_gmt":"2009-12-09T16:09:30","guid":{"rendered":"http:\/\/www.schachclub-eppingen.de\/blog\/2009\/12\/09\/talentstutzpunkt-eppingen-%e2%80%93-schwaigern\/"},"modified":"2009-12-09T18:09:30","modified_gmt":"2009-12-09T16:09:30","slug":"talentstutzpunkt-eppingen-%e2%80%93-schwaigern","status":"publish","type":"post","link":"https:\/\/www.schachclub-eppingen.de\/blog\/2009\/12\/09\/talentstutzpunkt-eppingen-%e2%80%93-schwaigern\/","title":{"rendered":"Talentst\u00c3\u00bctzpunkt Eppingen \u00e2\u20ac\u201c Schwaigern"},"content":{"rendered":"<p> <strong>Der St\u00c3\u00bctzpunkt lebt \u00e2\u20ac\u201c das Training wurde wieder aufgenommen<\/strong><\/p>\n<p>Nicht das mangelnde Engagement der Verantwortlichen, sondern der volle Terminkalender der Schachbezirke Unterland und Heidelberg waren der Grund, weshalb der Talentst\u00c3\u00bctzpunkt Eppingen\/Schwaigern &#8211; der einzige verbands\u00c3\u00bcbergreifende F-Kader-St\u00c3\u00bctzpunkt in Baden-W\u00c3\u00bcrttemberg &#8211; seit Juli kein Training mehr abgehalten hat. Seit vergangenem Samstag ist diese Pause nun Vergangenheit. <!--more-->Im Vereinsraum des SC Eppingen im Hotel-Restaurant \u00e2\u20ac\u017eVilla Waldeck\u00e2\u20ac\u0153 stellten sich sieben Jugendliche aus Eppingen, Bad Rappenau, Schwaigern und Leingarten dem Cheftrainer des St\u00c3\u00bctzpunktes, J\u00c3\u00bcrgen Thier (Hockenheim) am Samstag zum neuerlichen Trainingsauftakt. Man hofft, dass sich zum n\u00c3\u00a4chsten Termin am Samstag, den 19.12.2009 im Vereinsheim in Schwaigern die Teilnehmerzahl noch steigert. Doch schon wieder muss dem prallen Terminplan Tribut gezollt werden. Wegen der Eppinger U20-Bezirksligaspiele am 19.12.2009 ab 14:00 Uhr beginnt das Training bereits um 9:30 Uhr und endet schon um 13:00 Uhr. Im Jahr 2010 soll das Kadertraining dann regelm\u00c3\u00a4\u00c3\u0178iger stattfinden. Aufgabe des Talentst\u00c3\u00bctzpunkts ist, die besten Jugendlichen allm\u00c3\u00a4hlich in den baden-w\u00c3\u00bcrttembergischen D-Kader zu \u00c3\u00bcberf\u00c3\u00bchren.<\/p>\n","protected":false},"excerpt":{"rendered":"<p>Der St\u00c3\u00bctzpunkt lebt \u00e2\u20ac\u201c das Training wurde wieder aufgenommen Nicht das mangelnde Engagement der Verantwortlichen, sondern der volle Terminkalender der Schachbezirke Unterland und Heidelberg waren der Grund, weshalb der Talentst\u00c3\u00bctzpunkt Eppingen\/Schwaigern &#8211; der einzige verbands\u00c3\u00bcbergreifende F-Kader-St\u00c3\u00bctzpunkt in Baden-W\u00c3\u00bcrttemberg &#8211; seit<\/p>\n","protected":false},"author":4,"featured_media":0,"comment_status":"open","ping_status":"open","sticky":false,"template":"","format":"standard","meta":{"footnotes":""},"categories":[3,1,11],"tags":[],"_links":{"self":[{"href":"https:\/\/www.schachclub-eppingen.de\/blog\/wp-json\/wp\/v2\/posts\/720"}],"collection":[{"href":"https:\/\/www.schachclub-eppingen.de\/blog\/wp-json\/wp\/v2\/posts"}],"about":[{"href":"https:\/\/www.schachclub-eppingen.de\/blog\/wp-json\/wp\/v2\/types\/post"}],"author":[{"embeddable":true,"href":"https:\/\/www.schachclub-eppingen.de\/blog\/wp-json\/wp\/v2\/users\/4"}],"replies":[{"embeddable":true,"href":"https:\/\/www.schachclub-eppingen.de\/blog\/wp-json\/wp\/v2\/comments?post=720"}],"version-history":[{"count":0,"href":"https:\/\/www.schachclub-eppingen.de\/blog\/wp-json\/wp\/v2\/posts\/720\/revisions"}],"wp:attachment":[{"href":"https:\/\/www.schachclub-eppingen.de\/blog\/wp-json\/wp\/v2\/media?parent=720"}],"wp:term":[{"taxonomy":"category","embeddable":true,"href":"https:\/\/www.schachclub-eppingen.de\/blog\/wp-json\/wp\/v2\/categories?post=720"},{"taxonomy":"post_tag","embeddable":true,"href":"https:\/\/www.schachclub-eppingen.de\/blog\/wp-json\/wp\/v2\/tags?post=720"}],"curies":[{"name":"wp","href":"https:\/\/api.w.org\/{rel}","templated":true}]}}