{"id":834,"date":"2010-04-19T21:03:25","date_gmt":"2010-04-19T20:03:25","guid":{"rendered":"http:\/\/www.schachclub-eppingen.de\/blog\/2010\/04\/19\/termine-und-veranstaltungen-2\/"},"modified":"2010-04-19T21:03:25","modified_gmt":"2010-04-19T20:03:25","slug":"termine-und-veranstaltungen-2","status":"publish","type":"post","link":"https:\/\/www.schachclub-eppingen.de\/blog\/2010\/04\/19\/termine-und-veranstaltungen-2\/","title":{"rendered":"Termine und Veranstaltungen"},"content":{"rendered":"<p> <strong>In den n\u00c3\u00a4chsten Wochen ist Einiges los<\/strong><\/p>\n<p>Obwohl die offizielle Saison sich dem Ende n\u00c3\u00a4hert, stehen wichtige Termine und Veranstaltungen in F\u00c3\u00bclle an, die man sich notieren sollte:<br \/>\nSamstag, 24.04.2010, 10-15 Uhr: Talentst\u00c3\u00bctzpunkt im \u00e2\u20ac\u017eVilla Waldeck\u00e2\u20ac\u0153<br \/>\nSonntag, 25.04.2010, ab 10 Uhr: 3. und 4. Mannschaft im \u00e2\u20ac\u017eVilla Waldeck\u00e2\u20ac\u0153<br \/>\nFreitag,   30.04.2010, ab 19:30 Uhr: Monatsschnellturnier im \u00e2\u20ac\u017eVilla Waldeck\u00e2\u20ac\u0153<!--more--><br \/>\nSonntag, 02.05.2010, ab 9 Uhr: 5.-9. Mannschaft, zentrale Endrunde in St. Leon-Rot<br \/>\nFreitag,   07.05.2010, ab 19:30 Uhr: Generalversammlung SCE im \u00e2\u20ac\u017eVilla Waldeck\u00e2\u20ac\u0153<br \/>\nDonnerstag,13.05.2010 bis Sonntag,16.05.2010: Sulzfeld -Open in der Ravensburghalle<br \/>\nSamstag, 15.05.2010, ab 14 Uhr: 2. Runde badische U14-Meisterschaft, Gegner unbekannt<br \/>\nSamstag, 29.05.2010 bis Sonntag, 06.06.2010: Badischer Schachkongress in Haslach i.K.<br \/>\nDonnerstag, 03.06.2010: Sommerfest des SCE in der Kolping-Freizeitanlage.<br \/>\nNoch immer stehen Termin und Austragungsort f\u00c3\u00bcr die badische U12-Meisterschaft nicht fest. Den 08.05.2010 sollten sich die Kandidaten f\u00c3\u00bcr das SCE \u00e2\u20ac\u201c Aufgebot immerhin mal freihalten. Die Senioren sollen am 29.05.2010 erstmals an die Bretter; wegen der \u00c3\u0153berschneidung mit dem Schachkongress in Haslach ist eine Verlegung angedacht. Und wenn der Gegner f\u00c3\u00bcr Eppingens U14 feststeht, k\u00c3\u00b6nnte auch der 15.05.2010 wegen des Sulzfeld- Opens zur Disposition stehen, wenn die Gegner mitziehen.<\/p>\n","protected":false},"excerpt":{"rendered":"<p>In den n\u00c3\u00a4chsten Wochen ist Einiges los Obwohl die offizielle Saison sich dem Ende n\u00c3\u00a4hert, stehen wichtige Termine und Veranstaltungen in F\u00c3\u00bclle an, die man sich notieren sollte: Samstag, 24.04.2010, 10-15 Uhr: Talentst\u00c3\u00bctzpunkt im \u00e2\u20ac\u017eVilla Waldeck\u00e2\u20ac\u0153 Sonntag, 25.04.2010, ab 10<\/p>\n","protected":false},"author":4,"featured_media":0,"comment_status":"open","ping_status":"open","sticky":false,"template":"","format":"standard","meta":{"footnotes":""},"categories":[3,1,11,8,12],"tags":[],"_links":{"self":[{"href":"https:\/\/www.schachclub-eppingen.de\/blog\/wp-json\/wp\/v2\/posts\/834"}],"collection":[{"href":"https:\/\/www.schachclub-eppingen.de\/blog\/wp-json\/wp\/v2\/posts"}],"about":[{"href":"https:\/\/www.schachclub-eppingen.de\/blog\/wp-json\/wp\/v2\/types\/post"}],"author":[{"embeddable":true,"href":"https:\/\/www.schachclub-eppingen.de\/blog\/wp-json\/wp\/v2\/users\/4"}],"replies":[{"embeddable":true,"href":"https:\/\/www.schachclub-eppingen.de\/blog\/wp-json\/wp\/v2\/comments?post=834"}],"version-history":[{"count":0,"href":"https:\/\/www.schachclub-eppingen.de\/blog\/wp-json\/wp\/v2\/posts\/834\/revisions"}],"wp:attachment":[{"href":"https:\/\/www.schachclub-eppingen.de\/blog\/wp-json\/wp\/v2\/media?parent=834"}],"wp:term":[{"taxonomy":"category","embeddable":true,"href":"https:\/\/www.schachclub-eppingen.de\/blog\/wp-json\/wp\/v2\/categories?post=834"},{"taxonomy":"post_tag","embeddable":true,"href":"https:\/\/www.schachclub-eppingen.de\/blog\/wp-json\/wp\/v2\/tags?post=834"}],"curies":[{"name":"wp","href":"https:\/\/api.w.org\/{rel}","templated":true}]}}