{"id":891,"date":"2010-06-29T21:20:15","date_gmt":"2010-06-29T19:20:15","guid":{"rendered":"http:\/\/www.schachclub-eppingen.de\/blog\/2010\/06\/29\/ehrenmedaille-des-badischen-schachverbandes-fur-den-sce\/"},"modified":"2010-06-29T21:20:15","modified_gmt":"2010-06-29T19:20:15","slug":"ehrenmedaille-des-badischen-schachverbandes-fur-den-sce","status":"publish","type":"post","link":"https:\/\/www.schachclub-eppingen.de\/blog\/2010\/06\/29\/ehrenmedaille-des-badischen-schachverbandes-fur-den-sce\/","title":{"rendered":"Ehrenmedaille des Badischen Schachverbandes f\u00c3\u00bcr den SCE"},"content":{"rendered":"<p> <strong>Die 30-j\u00c3\u00a4hrige Zugeh\u00c3\u00b6rigkeit zur 1. und 2. Bundesliga wurde besonders gew\u00c3\u00bcrdigt<\/strong><\/p>\n<p>Der Badische Schachverband e.V., der am Wochenende in Bruchsal mit seinem turnusm\u00c3\u00a4\u00c3\u0178igen Verbandstag und besonderem Festakt mit zahlreichen G\u00c3\u00a4sten sein 100-j\u00c3\u00a4hriges Bestehen feierte, hat den Schachclub Eppingen mit seiner Ehrenmedaille f\u00c3\u00bcr herausragende sportliche Leistungen, insbesondere f\u00c3\u00bcr die nun 30-j\u00c3\u00a4hrige erfolgreiche Zugeh\u00c3\u00b6rigkeit zur 1. und 2. Bundesliga ausgezeichnet. Die eher seltene Auszeichnung w\u00c3\u00bcrdigt auch die Kontinuit\u00c3\u00a4t des Vereins, seit 1978 ununterbrochen zu den s\u00c3\u00bcdwestdeutschen Spitzenklubs geh\u00c3\u00b6rt.<!--more--><br \/>\nDa die Vereinsvorst\u00c3\u00a4nde Rudolf Eyer und J\u00c3\u00b6rg Haueisen verhindert waren, nahm SCE -Vorstandsmitglied Dietmar Gebhard, der als Delegierter am Verbandstag teilnahm, stellvertretend Medaille und Urkunde aus den H\u00c3\u00a4nden des BSV- Pr\u00c3\u00a4sidenten Fritz Meyer entgegen. Sie werden einen Ehrenplatz in der bereits \u00c3\u00bcbervollen Vereinsvitrine erhalten.<\/p>\n","protected":false},"excerpt":{"rendered":"<p>Die 30-j\u00c3\u00a4hrige Zugeh\u00c3\u00b6rigkeit zur 1. und 2. Bundesliga wurde besonders gew\u00c3\u00bcrdigt Der Badische Schachverband e.V., der am Wochenende in Bruchsal mit seinem turnusm\u00c3\u00a4\u00c3\u0178igen Verbandstag und besonderem Festakt mit zahlreichen G\u00c3\u00a4sten sein 100-j\u00c3\u00a4hriges Bestehen feierte, hat den Schachclub Eppingen mit seiner<\/p>\n","protected":false},"author":4,"featured_media":0,"comment_status":"open","ping_status":"open","sticky":false,"template":"","format":"standard","meta":{"footnotes":""},"categories":[3,12],"tags":[],"_links":{"self":[{"href":"https:\/\/www.schachclub-eppingen.de\/blog\/wp-json\/wp\/v2\/posts\/891"}],"collection":[{"href":"https:\/\/www.schachclub-eppingen.de\/blog\/wp-json\/wp\/v2\/posts"}],"about":[{"href":"https:\/\/www.schachclub-eppingen.de\/blog\/wp-json\/wp\/v2\/types\/post"}],"author":[{"embeddable":true,"href":"https:\/\/www.schachclub-eppingen.de\/blog\/wp-json\/wp\/v2\/users\/4"}],"replies":[{"embeddable":true,"href":"https:\/\/www.schachclub-eppingen.de\/blog\/wp-json\/wp\/v2\/comments?post=891"}],"version-history":[{"count":0,"href":"https:\/\/www.schachclub-eppingen.de\/blog\/wp-json\/wp\/v2\/posts\/891\/revisions"}],"wp:attachment":[{"href":"https:\/\/www.schachclub-eppingen.de\/blog\/wp-json\/wp\/v2\/media?parent=891"}],"wp:term":[{"taxonomy":"category","embeddable":true,"href":"https:\/\/www.schachclub-eppingen.de\/blog\/wp-json\/wp\/v2\/categories?post=891"},{"taxonomy":"post_tag","embeddable":true,"href":"https:\/\/www.schachclub-eppingen.de\/blog\/wp-json\/wp\/v2\/tags?post=891"}],"curies":[{"name":"wp","href":"https:\/\/api.w.org\/{rel}","templated":true}]}}