{"id":899,"date":"2010-07-20T17:48:26","date_gmt":"2010-07-20T15:48:26","guid":{"rendered":"http:\/\/www.schachclub-eppingen.de\/blog\/2010\/07\/20\/spielerversammlung-des-sc-eppingen-3\/"},"modified":"2010-07-20T17:48:11","modified_gmt":"2010-07-20T15:48:11","slug":"spielerversammlung-des-sc-eppingen-3","status":"publish","type":"post","link":"https:\/\/www.schachclub-eppingen.de\/blog\/2010\/07\/20\/spielerversammlung-des-sc-eppingen-3\/","title":{"rendered":"Spielerversammlung des SC Eppingen"},"content":{"rendered":"<p> <strong>Wichtige Weichen f\u00c3\u00bcr die Saison 2010\/11 wurden gestellt<\/strong><\/p>\n<p>Gut besucht war die Spielerversammlung des SC Eppingen am Freitag, den 09.07.2010. Vor dem Hintergrund schmerzhafter personeller \u00c3\u201enderungen ging es darum, schl\u00c3\u00bcssige Konzepte f\u00c3\u00bcr die Saison 2010\/11 zu entwerfen und \u00c3\u00bcber die Wahrnehmung der Spielrechte in den verschiedenen Klassen zu entscheiden.<br \/>\nBei den beiden Spitzenmannschaften (1. Bundesliga und Oberliga) blieb die Kontinuit\u00c3\u00a4t gewahrt. Hier hatte der SCE keine Abg\u00c3\u00a4nge zu verzeichnen. Freilich war auch bei den Zug\u00c3\u00a4ngen Fehlanzeige.<!--more--><br \/>\nDahinter gab es schon nennenswerte \u00c3\u201enderungen: im Landesliga-Aufgebot hat sich ein Stammspieler f\u00c3\u00bcr eine \u00e2\u20ac\u017ePause\u00e2\u20ac\u0153 entschieden. Mit dem Neuzugang der 18-j\u00c3\u00a4hrigen Alisa Frey vom SC Neuhausen (D4-Kader Baden-W\u00c3\u00bcrttemberg) hofft man, diesen Ausfall zu kompensieren. Schlimmer hat es die 4. Mannschaft (Bereichsliga) getroffen, die nach dem Vereinswechsel zweier Leistungstr\u00c3\u00a4ger \u00e2\u20ac\u017ekleinere Br\u00c3\u00b6tchen\u00e2\u20ac\u0153 backen muss. Weitere Ausf\u00c3\u00a4lle durch Krankheit bzw. Auslandsstudium veranlassten die Spielerversammlung, von den beiden Tickets des Vereins in der Kreisklasse A nur das der 5. Mannschaft zu nutzen und die 6. Mannschaft in die Kreisklasse B zur\u00c3\u00bcckzunehmen. In dieser Klasse d\u00c3\u00bcrfte es leichter sein, einige durchaus hoffnungsvolle Nachwuchsspieler \u00e2\u20ac\u017eeinzubauen\u00e2\u20ac\u0153.<br \/>\nAuch in der Kreisklasse C (Sechser-Mannschaften) hatte der SCE urspr\u00c3\u00bcnglich ein doppeltes Spielrecht. Hier wird jetzt nur die \u00e2\u20ac\u017eSiebte\u00e2\u20ac\u0153 an den Start gehen, w\u00c3\u00a4hrend die \u00e2\u20ac\u017eAchte\u00e2\u20ac\u0153 in der Kreisklasse D (Vierer-Mannschaften) verbleibt. Ob es auch in der Saison 2010\/11 eine 9. Mannschaft in dieser Klasse gibt, h\u00c3\u00a4ngt davon ab, ob eine stabile Zahl von Jugendspielern f\u00c3\u00bcr ein solches Team gefunden werden kann. Meldeschluss f\u00c3\u00bcr diese (unterste) Klasse im Bezirk ist am 25.08.2010. Die Versammlung erteilte Spielleiter Jonas Reimold und Jugendtrainer Karl Eyer Vollmacht, \u00c3\u00bcber eine Meldung in eigener Kompetenz zu entscheiden. Ein Personalbedarf von dann 62 Spielern pro Runde w\u00c3\u00bcrde an den Verein h\u00c3\u00b6chste Anforderungen stellen, die insbesondere auf den Spielleiter und seine Mannschaftsf\u00c3\u00bchrer zuk\u00c3\u00a4men.<br \/>\nDeshalb war die Wahl der Mannschaftsf\u00c3\u00bchrer \u00e2\u20ac\u201cwie immer \u00e2\u20ac\u201c eine der nobelsten Aufgaben der Spielerversammlung. Das Bundesligateam wird weiterhin von Hans Dekan betreut. Falls er aus beruflichen oder gesundheitlichen Gr\u00c3\u00bcnden nicht zur Verf\u00c3\u00bcgung stehen sollte, wird er von Thomas Welz oder Gerhard Staub vertreten werden. Thomas Welz ist weiterhin Teamchef der Oberligamannschaft. Die 3. Mannschaft (Landesliga) wird wie bisher von Jonas Reimold gemanagt. In der 4. Mannschaft (Bereichsliga) vollzieht sich eine \u00c3\u201enderung: Reinhard Faber, bisher Teamchef der \u00e2\u20ac\u017eF\u00c3\u00bcnften\u00e2\u20ac\u0153, wechselt als Betreuer und als Spieler in die \u00e2\u20ac\u017eVierte\u00e2\u20ac\u0153. Die 5. Mannschaft (Kreisklasse A) f\u00c3\u00bchrt k\u00c3\u00bcnftig der stellvertretende Spielleiter Peter Noe an. In der 6. Mannschaft (jetzt Kreisklasse B) versieht Eduard Niermann weiterhin die Gesch\u00c3\u00a4fte eines Mannschaftsf\u00c3\u00bchrers. Mannschaftsf\u00c3\u00bchrer der \u00e2\u20ac\u017eSiebten\u00e2\u20ac\u0153 ist nun Oliver Wei\u00c3\u0178ert. Der Posten des Teamchefs der \u00e2\u20ac\u017eAchten\u00e2\u20ac\u0153 ist noch vakant.<br \/>\nDer SCE wird mit zwei U20-Mannschaften (6er-Teams) in die neue Spielsaison gehen. Die Zahl der U12-, U14- und U16-Mannschaften wird sich kurzfristig vor den jeweiligen Terminen auf Bezirksebene ergeben. Auch am Mannschaftspokal wird man sich mit einer Mannschaft beteiligen. Ob eine zweite Senioren-Mannschaft gemeldet werden kann, soll der Seniorenbeauftragte Dietmar Gebhard vor Meldeschluss (25.08.2010) noch abpr\u00c3\u00bcfen.<\/p>\n","protected":false},"excerpt":{"rendered":"<p>Wichtige Weichen f\u00c3\u00bcr die Saison 2010\/11 wurden gestellt Gut besucht war die Spielerversammlung des SC Eppingen am Freitag, den 09.07.2010. Vor dem Hintergrund schmerzhafter personeller \u00c3\u201enderungen ging es darum, schl\u00c3\u00bcssige Konzepte f\u00c3\u00bcr die Saison 2010\/11 zu entwerfen und \u00c3\u00bcber die<\/p>\n","protected":false},"author":4,"featured_media":0,"comment_status":"open","ping_status":"open","sticky":false,"template":"","format":"standard","meta":{"footnotes":""},"categories":[3,10,11,8,12],"tags":[],"_links":{"self":[{"href":"https:\/\/www.schachclub-eppingen.de\/blog\/wp-json\/wp\/v2\/posts\/899"}],"collection":[{"href":"https:\/\/www.schachclub-eppingen.de\/blog\/wp-json\/wp\/v2\/posts"}],"about":[{"href":"https:\/\/www.schachclub-eppingen.de\/blog\/wp-json\/wp\/v2\/types\/post"}],"author":[{"embeddable":true,"href":"https:\/\/www.schachclub-eppingen.de\/blog\/wp-json\/wp\/v2\/users\/4"}],"replies":[{"embeddable":true,"href":"https:\/\/www.schachclub-eppingen.de\/blog\/wp-json\/wp\/v2\/comments?post=899"}],"version-history":[{"count":0,"href":"https:\/\/www.schachclub-eppingen.de\/blog\/wp-json\/wp\/v2\/posts\/899\/revisions"}],"wp:attachment":[{"href":"https:\/\/www.schachclub-eppingen.de\/blog\/wp-json\/wp\/v2\/media?parent=899"}],"wp:term":[{"taxonomy":"category","embeddable":true,"href":"https:\/\/www.schachclub-eppingen.de\/blog\/wp-json\/wp\/v2\/categories?post=899"},{"taxonomy":"post_tag","embeddable":true,"href":"https:\/\/www.schachclub-eppingen.de\/blog\/wp-json\/wp\/v2\/tags?post=899"}],"curies":[{"name":"wp","href":"https:\/\/api.w.org\/{rel}","templated":true}]}}